{"id":96103,"date":"2026-01-23T22:00:09","date_gmt":"2026-01-24T01:00:09","guid":{"rendered":"https:\/\/vocesparalelas.com.ar\/sitio\/?p=96103"},"modified":"2026-01-23T22:00:09","modified_gmt":"2026-01-24T01:00:09","slug":"brigadistas-especializados-de-san-juan-participan-para-combatir-incendios-en-el-sur-de-la-republica-argentina","status":"publish","type":"post","link":"https:\/\/vocesparalelas.com.ar\/sitio\/brigadistas-especializados-de-san-juan-participan-para-combatir-incendios-en-el-sur-de-la-republica-argentina\/","title":{"rendered":"Brigadistas especializados de San Juan participan para combatir incendios en el Sur de la Rep\u00fablica Argentina"},"content":{"rendered":"<p>Una comitiva integrada por personal de Bomberos de la Polic\u00eda y el Servicio Penitenciario colabora durante diez d\u00edas en las tareas de combate del fuego.<\/p>\n<p>Ante los incendios que afectan al Sur de la Rep\u00fablica Argentina, la provincia de San Juan envi\u00f3 una comitiva de 10 efectivos especializados para colaborar en las tareas de combate y contenci\u00f3n del fuego.<\/p>\n<p>El despliegue se realiza por requerimiento de colaboraci\u00f3n de las autoridades nacionales y tendr\u00e1 una duraci\u00f3n estimada de diez d\u00edas.<\/p>\n<p>El operativo es coordinado por la Direcci\u00f3n de Protecci\u00f3n Civil, con la participaci\u00f3n de la Polic\u00eda de San Juan, a trav\u00e9s de la Direcci\u00f3n D9 Bomberos, y del Servicio Penitenciario Provincial, fortaleciendo el trabajo interinstitucional ante emergencias de gran magnitud.<\/p>\n<p>La delegaci\u00f3n est\u00e1 integrada por personal capacitado en combate de incendios forestales y tareas de emergencia, que aporta experiencia operativa y recursos humanos al dispositivo desplegado en la zona afectada. La misi\u00f3n se enmarca en los protocolos de cooperaci\u00f3n y asistencia entre provincias.<\/p>\n<p><strong><span style=\"color: #ff6600;\">Integrantes de la comitiva<\/span><\/strong><\/p>\n<p><strong><span style=\"color: #ff6600;\">Servicio Penitenciario Provincial<\/span><\/strong><\/p>\n<ul>\n<li>Oficial Sub-Adjutor Fern\u00e1ndez Mart\u00edn C\u00e9sar<\/li>\n<li>Ayudante de 5\u00b0 P\u00e9rez Miguel \u00c1ngel<\/li>\n<\/ul>\n<p><span style=\"color: #ff6600;\"><strong>Bomberos de la Polic\u00eda de San Juan<\/strong><\/span><\/p>\n<ul>\n<li>Sub-Crio. Cabrera V\u00edctor<\/li>\n<li>Sub-Crio. Perea Pamela<\/li>\n<li>Of. Ayte. P\u00e1ez Luciano<\/li>\n<li>Cabo Campillay Franco<\/li>\n<li>Cabo Camacho Pablo<\/li>\n<li>Cabo Balmaceda Jorge<\/li>\n<li>Cabo L\u00f3pez Diego<\/li>\n<li>Agte. Gonz\u00e1lez Cristian<\/li>\n<\/ul>\n<p><img loading=\"lazy\" decoding=\"async\" class=\"alignnone size-full wp-image-96107\" src=\"https:\/\/vocesparalelas.com.ar\/sitio\/wp-content\/uploads\/2026\/01\/SAN-JUAN-BOMBEROS-02.jpg\" alt=\"\" width=\"800\" height=\"463\" srcset=\"https:\/\/vocesparalelas.com.ar\/sitio\/wp-content\/uploads\/2026\/01\/SAN-JUAN-BOMBEROS-02.jpg 800w, https:\/\/vocesparalelas.com.ar\/sitio\/wp-content\/uploads\/2026\/01\/SAN-JUAN-BOMBEROS-02-300x174.jpg 300w, https:\/\/vocesparalelas.com.ar\/sitio\/wp-content\/uploads\/2026\/01\/SAN-JUAN-BOMBEROS-02-768x444.jpg 768w\" sizes=\"auto, (max-width: 800px) 100vw, 800px\" \/><\/p>\n","protected":false},"excerpt":{"rendered":"<p>Una comitiva integrada por personal de Bomberos de la Polic\u00eda y el Servicio Penitenciario colabora durante diez d\u00edas en las<\/p>\n","protected":false},"author":3,"featured_media":96106,"comment_status":"closed","ping_status":"closed","sticky":false,"template":"","format":"standard","meta":{"_acf_changed":false,"_seopress_robots_primary_cat":"none","_seopress_titles_title":"","_seopress_titles_desc":"","_seopress_robots_index":"","colormag_page_container_layout":"default_layout","colormag_page_sidebar_layout":"default_layout","footnotes":""},"categories":[1],"tags":[],"class_list":["post-96103","post","type-post","status-publish","format-standard","has-post-thumbnail","hentry","category-destacadas"],"acf":[],"_links":{"self":[{"href":"https:\/\/vocesparalelas.com.ar\/sitio\/wp-json\/wp\/v2\/posts\/96103","targetHints":{"allow":["GET"]}}],"collection":[{"href":"https:\/\/vocesparalelas.com.ar\/sitio\/wp-json\/wp\/v2\/posts"}],"about":[{"href":"https:\/\/vocesparalelas.com.ar\/sitio\/wp-json\/wp\/v2\/types\/post"}],"author":[{"embeddable":true,"href":"https:\/\/vocesparalelas.com.ar\/sitio\/wp-json\/wp\/v2\/users\/3"}],"replies":[{"embeddable":true,"href":"https:\/\/vocesparalelas.com.ar\/sitio\/wp-json\/wp\/v2\/comments?post=96103"}],"version-history":[{"count":1,"href":"https:\/\/vocesparalelas.com.ar\/sitio\/wp-json\/wp\/v2\/posts\/96103\/revisions"}],"predecessor-version":[{"id":96108,"href":"https:\/\/vocesparalelas.com.ar\/sitio\/wp-json\/wp\/v2\/posts\/96103\/revisions\/96108"}],"wp:featuredmedia":[{"embeddable":true,"href":"https:\/\/vocesparalelas.com.ar\/sitio\/wp-json\/wp\/v2\/media\/96106"}],"wp:attachment":[{"href":"https:\/\/vocesparalelas.com.ar\/sitio\/wp-json\/wp\/v2\/media?parent=96103"}],"wp:term":[{"taxonomy":"category","embeddable":true,"href":"https:\/\/vocesparalelas.com.ar\/sitio\/wp-json\/wp\/v2\/categories?post=96103"},{"taxonomy":"post_tag","embeddable":true,"href":"https:\/\/vocesparalelas.com.ar\/sitio\/wp-json\/wp\/v2\/tags?post=96103"}],"curies":[{"name":"wp","href":"https:\/\/api.w.org\/{rel}","templated":true}]}}