{"id":96099,"date":"2026-01-23T21:04:34","date_gmt":"2026-01-24T00:04:34","guid":{"rendered":"https:\/\/vocesparalelas.com.ar\/sitio\/?p=96099"},"modified":"2026-01-24T20:23:24","modified_gmt":"2026-01-24T23:23:24","slug":"deben-presentar-la-factura-de-enero-2026-el-personal-contratado-de-educacion-de-san-juan","status":"publish","type":"post","link":"https:\/\/vocesparalelas.com.ar\/sitio\/deben-presentar-la-factura-de-enero-2026-el-personal-contratado-de-educacion-de-san-juan\/","title":{"rendered":"Deben presentar la factura de \u00abEnero 2026\u00bb el personal contratado de Educaci\u00f3n de San Juan"},"content":{"rendered":"<p>El Ministerio de Educaci\u00f3n del Gobierno de San Juan informa que las personas que poseen Contratos Administrativos de Servicios de Colaboraci\u00f3n deben presentar la factura electr\u00f3nica correspondiente a \u00abEnero 2026\u00bb a su directivo, para que sea firmada y sellada al dorso.<\/p>\n<p>La factura puede realizarse a partir del 21 de Enero y debe ser presentada en el Centro C\u00edvico, seg\u00fan el siguiente cronograma:<\/p>\n<p><span style=\"color: #ff6600;\"><strong>Servicios Generales (porteros)<\/strong><\/span><\/p>\n<ul>\n<li>DNI terminado en 0, 1, 2 y 3; el martes 27 de enero de 2026 de 8 a 15,00 en la isla del Ministerio de Educaci\u00f3n de Planta Baja del Centro C\u00edvico.<\/li>\n<li>DNI terminado en 4, 5 y 6; el mi\u00e9rcoles 28 de enero de 2026 de 8 a 15,00 en la isla del Ministerio de Educaci\u00f3n de Planta Baja del Centro C\u00edvico.<\/li>\n<li>DNI terminado en 7, 8 y 9; el jueves 29 de enero de 2026 de 8 a 15,00 en la isla del Ministerio de Educaci\u00f3n de Planta Baja del Centro C\u00edvico.<\/li>\n<\/ul>\n<p><span style=\"color: #ff6600;\"><strong>Administrativos<\/strong><\/span><\/p>\n<p>Presentan la factura en la Oficina de Contratos con el monto correspondiente a cada contrato, los d\u00edas 27, 28 y 29 de enero de 2026 de 7,30 a 12,30.<\/p>\n<p><strong><span style=\"color: #ff6600;\">Departamentos alejados<\/span><\/strong><\/p>\n<p>Las personas contratadas que viven en los departamentos de Calingasta, Iglesia, J\u00e1chal y Valle F\u00e9rtil deber\u00e1n llevar la factura para que su directivo la firme y la entregue a su respectiva Unidad de Gesti\u00f3n.<\/p>\n<p><strong><span style=\"color: #ff6600;\">Para tener en cuenta<\/span><\/strong><\/p>\n<p>Las facturas deben ser electr\u00f3nicas y confeccionadas de la siguiente manera:<\/p>\n<p>Factura mes de enero de 2026<\/p>\n<p>Fecha emisi\u00f3n: 31\/01\/2026<\/p>\n<p>Periodo facturado: desde 01\/01\/2026 hasta 31\/01\/2026<\/p>\n<p>Vencimiento: 27\/02\/2026<\/p>\n<p>CUIT Gobierno de la Provincia: 30-99901516-2<\/p>\n<p>Condici\u00f3n frente al IVA: IVA Sujeto Exento<\/p>\n<p>Condici\u00f3n de venta: Otra<\/p>\n<p>Detalle: Pago de honorarios por Contrato Administrativo de Servicios de Colaboraci\u00f3n correspondiente al mes de enero de 2026.-<\/p>\n<p>Monto a facturar (para porteros): $420.000,00.-<\/p>\n<p>Conformaci\u00f3n de factura<\/p>\n<p><span style=\"color: #ff6600;\"><strong>Al dorso de la factura debe colocar lo siguiente:<\/strong><\/span><\/p>\n<p>\u201cArt\u00edculos 6\u00b0 Y 11\u00ba Ley N\u00ba 793-A. Cl\u00e1usula cuarta del contrato administrativo de Servicios de Colaboraci\u00f3n\u201d.<\/p>\n<p>San Juan, 31 de enero de 2026. \u2013<\/p>\n<p>Firma y sello del directivo<\/p>\n<p>Presentaci\u00f3n del seguro: constancia de pago del mes de enero de 2026, (fotocopia legible con datos del asegurado y legalizada en el frente por el directivo). En caso de presentar libre de deuda, el mismo debe tener fecha de enero de 2026. Sin excepci\u00f3n.<\/p>\n<p><img loading=\"lazy\" decoding=\"async\" class=\"alignnone size-full wp-image-28629\" src=\"https:\/\/vocesparalelas.com.ar\/sitio\/wp-content\/uploads\/2020\/05\/MINISTERIO-EDUCACION-SJ.jpg\" alt=\"\" width=\"800\" height=\"533\" srcset=\"https:\/\/vocesparalelas.com.ar\/sitio\/wp-content\/uploads\/2020\/05\/MINISTERIO-EDUCACION-SJ.jpg 800w, https:\/\/vocesparalelas.com.ar\/sitio\/wp-content\/uploads\/2020\/05\/MINISTERIO-EDUCACION-SJ-300x200.jpg 300w, https:\/\/vocesparalelas.com.ar\/sitio\/wp-content\/uploads\/2020\/05\/MINISTERIO-EDUCACION-SJ-768x512.jpg 768w\" sizes=\"auto, (max-width: 800px) 100vw, 800px\" \/><\/p>\n","protected":false},"excerpt":{"rendered":"<p>El Ministerio de Educaci\u00f3n del Gobierno de San Juan informa que las personas que poseen Contratos Administrativos de Servicios de<\/p>\n","protected":false},"author":3,"featured_media":35535,"comment_status":"closed","ping_status":"closed","sticky":false,"template":"","format":"standard","meta":{"_acf_changed":false,"_seopress_robots_primary_cat":"none","_seopress_titles_title":"","_seopress_titles_desc":"","_seopress_robots_index":"","colormag_page_container_layout":"default_layout","colormag_page_sidebar_layout":"default_layout","footnotes":""},"categories":[2],"tags":[],"class_list":["post-96099","post","type-post","status-publish","format-standard","has-post-thumbnail","hentry","category-convocatorias"],"acf":[],"_links":{"self":[{"href":"https:\/\/vocesparalelas.com.ar\/sitio\/wp-json\/wp\/v2\/posts\/96099","targetHints":{"allow":["GET"]}}],"collection":[{"href":"https:\/\/vocesparalelas.com.ar\/sitio\/wp-json\/wp\/v2\/posts"}],"about":[{"href":"https:\/\/vocesparalelas.com.ar\/sitio\/wp-json\/wp\/v2\/types\/post"}],"author":[{"embeddable":true,"href":"https:\/\/vocesparalelas.com.ar\/sitio\/wp-json\/wp\/v2\/users\/3"}],"replies":[{"embeddable":true,"href":"https:\/\/vocesparalelas.com.ar\/sitio\/wp-json\/wp\/v2\/comments?post=96099"}],"version-history":[{"count":1,"href":"https:\/\/vocesparalelas.com.ar\/sitio\/wp-json\/wp\/v2\/posts\/96099\/revisions"}],"predecessor-version":[{"id":96102,"href":"https:\/\/vocesparalelas.com.ar\/sitio\/wp-json\/wp\/v2\/posts\/96099\/revisions\/96102"}],"wp:featuredmedia":[{"embeddable":true,"href":"https:\/\/vocesparalelas.com.ar\/sitio\/wp-json\/wp\/v2\/media\/35535"}],"wp:attachment":[{"href":"https:\/\/vocesparalelas.com.ar\/sitio\/wp-json\/wp\/v2\/media?parent=96099"}],"wp:term":[{"taxonomy":"category","embeddable":true,"href":"https:\/\/vocesparalelas.com.ar\/sitio\/wp-json\/wp\/v2\/categories?post=96099"},{"taxonomy":"post_tag","embeddable":true,"href":"https:\/\/vocesparalelas.com.ar\/sitio\/wp-json\/wp\/v2\/tags?post=96099"}],"curies":[{"name":"wp","href":"https:\/\/api.w.org\/{rel}","templated":true}]}}