{"id":96091,"date":"2026-01-23T19:22:51","date_gmt":"2026-01-23T22:22:51","guid":{"rendered":"https:\/\/vocesparalelas.com.ar\/sitio\/?p=96091"},"modified":"2026-01-23T19:47:24","modified_gmt":"2026-01-23T22:47:24","slug":"el-proyecto-vicuna-presento-avances-ante-el-presidente-de-la-republica-argentina-economista-javier-milei","status":"publish","type":"post","link":"https:\/\/vocesparalelas.com.ar\/sitio\/el-proyecto-vicuna-presento-avances-ante-el-presidente-de-la-republica-argentina-economista-javier-milei\/","title":{"rendered":"El Proyecto Vicu\u00f1a present\u00f3 avances ante el presidente de la Rep\u00fablica Argentina, Economista Javier Milei"},"content":{"rendered":"<p>El presidente de la Rep\u00fablica Argentina, Economista Javier Milei recibi\u00f3 este jueves en Casa Rosada a directivos de la Joint Venture Vicu\u00f1a, uno de los desarrollos cupr\u00edferos m\u00e1s relevantes de la regi\u00f3n andina.<\/p>\n<p>El encuentro fue una oportunidad para analizar el avance del proyecto, su esquema de crecimiento por etapas y la proyecci\u00f3n de inversiones bajo el R\u00e9gimen de Incentivo para Grandes Inversiones (RIGI), al que la empresa aplic\u00f3 bajo la categor\u00eda PEELP (Proyectos Estrat\u00e9gicos de Exportaci\u00f3n de Largo Plazo).<\/p>\n<p>Participaron de la reuni\u00f3n Jack Lundin (CEO de Lundin Mining), Carlos Ram\u00edrez (vicepresidente en BHP y presidente del Directorio de Vicu\u00f1a), Ron Hochstein (CEO de Vicu\u00f1a Corp.) y Jos\u00e9 Morea (Director Pa\u00eds para Argentina y Chile de Vicu\u00f1a Corp.), junto al canciller Pablo Quirno y el presidente Milei.<\/p>\n<p>Durante la audiencia se puso de relieve la necesidad de avanzar con una agenda de reformas estructurales que brinden previsibilidad, reglas claras y condiciones de estabilidad para el desarrollo de iniciativas mineras de largo plazo. \u201cTambi\u00e9n se destac\u00f3 la relevancia del RIGI como veh\u00edculo para consolidar inversiones que, por su escala y horizonte, requieren marcos regulatorios modernos y competitivos\u201d, precisaron.<\/p>\n<p>El Proyecto Vicu\u00f1a integra los dep\u00f3sitos Josemar\u00eda y Filo del Sol, emplazados en territorio sanjuanino, en el l\u00edmite con Chile. Aunque se trata de un desarrollo binacional, todas las inversiones presentadas bajo el RIGI se ejecutan en Argentina. \u201cEl plan contempla avanzar en estudios t\u00e9cnicos e informes integrados que ser\u00e1n publicados durante el primer trimestre de 2026, consolidando una de las plataformas cupr\u00edferas m\u00e1s relevantes del pa\u00eds\u201d.<\/p>\n<p>&nbsp;<\/p>\n<p><img loading=\"lazy\" decoding=\"async\" class=\"alignnone size-full wp-image-75215\" src=\"https:\/\/vocesparalelas.com.ar\/sitio\/wp-content\/uploads\/2024\/07\/MINERIA-JOSEMARIA.jpg\" alt=\"\" width=\"800\" height=\"600\" srcset=\"https:\/\/vocesparalelas.com.ar\/sitio\/wp-content\/uploads\/2024\/07\/MINERIA-JOSEMARIA.jpg 800w, https:\/\/vocesparalelas.com.ar\/sitio\/wp-content\/uploads\/2024\/07\/MINERIA-JOSEMARIA-300x225.jpg 300w, https:\/\/vocesparalelas.com.ar\/sitio\/wp-content\/uploads\/2024\/07\/MINERIA-JOSEMARIA-768x576.jpg 768w\" sizes=\"auto, (max-width: 800px) 100vw, 800px\" \/><\/p>\n","protected":false},"excerpt":{"rendered":"<p>El presidente de la Rep\u00fablica Argentina, Economista Javier Milei recibi\u00f3 este jueves en Casa Rosada a directivos de la Joint<\/p>\n","protected":false},"author":3,"featured_media":96094,"comment_status":"closed","ping_status":"closed","sticky":false,"template":"","format":"standard","meta":{"_acf_changed":false,"_seopress_robots_primary_cat":"none","_seopress_titles_title":"","_seopress_titles_desc":"","_seopress_robots_index":"","colormag_page_container_layout":"default_layout","colormag_page_sidebar_layout":"default_layout","footnotes":""},"categories":[1],"tags":[],"class_list":["post-96091","post","type-post","status-publish","format-standard","has-post-thumbnail","hentry","category-destacadas"],"acf":[],"_links":{"self":[{"href":"https:\/\/vocesparalelas.com.ar\/sitio\/wp-json\/wp\/v2\/posts\/96091","targetHints":{"allow":["GET"]}}],"collection":[{"href":"https:\/\/vocesparalelas.com.ar\/sitio\/wp-json\/wp\/v2\/posts"}],"about":[{"href":"https:\/\/vocesparalelas.com.ar\/sitio\/wp-json\/wp\/v2\/types\/post"}],"author":[{"embeddable":true,"href":"https:\/\/vocesparalelas.com.ar\/sitio\/wp-json\/wp\/v2\/users\/3"}],"replies":[{"embeddable":true,"href":"https:\/\/vocesparalelas.com.ar\/sitio\/wp-json\/wp\/v2\/comments?post=96091"}],"version-history":[{"count":3,"href":"https:\/\/vocesparalelas.com.ar\/sitio\/wp-json\/wp\/v2\/posts\/96091\/revisions"}],"predecessor-version":[{"id":96098,"href":"https:\/\/vocesparalelas.com.ar\/sitio\/wp-json\/wp\/v2\/posts\/96091\/revisions\/96098"}],"wp:featuredmedia":[{"embeddable":true,"href":"https:\/\/vocesparalelas.com.ar\/sitio\/wp-json\/wp\/v2\/media\/96094"}],"wp:attachment":[{"href":"https:\/\/vocesparalelas.com.ar\/sitio\/wp-json\/wp\/v2\/media?parent=96091"}],"wp:term":[{"taxonomy":"category","embeddable":true,"href":"https:\/\/vocesparalelas.com.ar\/sitio\/wp-json\/wp\/v2\/categories?post=96091"},{"taxonomy":"post_tag","embeddable":true,"href":"https:\/\/vocesparalelas.com.ar\/sitio\/wp-json\/wp\/v2\/tags?post=96091"}],"curies":[{"name":"wp","href":"https:\/\/api.w.org\/{rel}","templated":true}]}}