{"id":96046,"date":"2026-01-22T22:23:00","date_gmt":"2026-01-23T01:23:00","guid":{"rendered":"https:\/\/vocesparalelas.com.ar\/sitio\/?p=96046"},"modified":"2026-01-23T21:14:24","modified_gmt":"2026-01-24T00:14:24","slug":"se-fortalece-el-programa-cultura-en-conexion-para-los-vecinos-de-rivadavia","status":"publish","type":"post","link":"https:\/\/vocesparalelas.com.ar\/sitio\/se-fortalece-el-programa-cultura-en-conexion-para-los-vecinos-de-rivadavia\/","title":{"rendered":"Se fortalece el Programa \u201cCultura en Conexi\u00f3n\u201d para los vecinos de Rivadavia"},"content":{"rendered":"<p>La Municipalidad de la Ciudad de Rivadavia desarrolla el Programa \u201cCultura en Conexi\u00f3n\u201d, un ciclo de clases abiertas, libres, gratuitas y no requieren inscripci\u00f3n, de Salsa, Bachata, Folclore y Tango, a las 21 horas, en el Parque de Rivadavia<\/p>\n<p><span style=\"color: #ff6600;\"><strong>Programaci\u00f3n<\/strong><\/span><\/p>\n<ul>\n<li>Lunes: Salsa y bachata<\/li>\n<li>Mi\u00e9rcoles: Folclore<\/li>\n<li>Jueves: Tango<\/li>\n<\/ul>\n<p>La iniciativa apunta a fortalecer la vida cultural del departamento y ofrecer alternativas recreativas en \u00e9poca de vacaciones.<\/p>\n<p>Este ciclo se consolid\u00f3 durante 2025 como un espacio de encuentro para familias, j\u00f3venes y adultos que buscan disfrutar de la m\u00fasica, la cultura y las danzas.<\/p>\n<p>En este contexto, Voces Paralelas desarroll\u00f3 una entrevista period\u00edstica a la Secretaria de Gobierno de la Municipalidad de la Ciudad de Rivadavia, Dra. Fanny Juarez, quien describi\u00f3 el encuentro de los vecinos que disfrutan en familia. Adem\u00e1s, las actividades que convoca el Programa contiene otras iniciativa que permita participar con alegr\u00eda y entrenamiento.<\/p>\n<p><iframe loading=\"lazy\" title=\"RIVADAVIA SECRETARIA GOBIERNO DRA. FANNY JUAREZ\" width=\"800\" height=\"450\" src=\"https:\/\/www.youtube.com\/embed\/AGiStPCxS8A?feature=oembed\" frameborder=\"0\" allow=\"accelerometer; autoplay; clipboard-write; encrypted-media; gyroscope; picture-in-picture; web-share\" referrerpolicy=\"strict-origin-when-cross-origin\" allowfullscreen><\/iframe><\/p>\n<p><img loading=\"lazy\" decoding=\"async\" class=\"alignnone size-large wp-image-15197\" src=\"https:\/\/vocesparalelas.com.ar\/sitio\/wp-content\/uploads\/2018\/09\/PARQUE-DE-RIVADAVIA-01-800x600.jpg\" alt=\"\" width=\"800\" height=\"600\" srcset=\"https:\/\/vocesparalelas.com.ar\/sitio\/wp-content\/uploads\/2018\/09\/PARQUE-DE-RIVADAVIA-01-800x600.jpg 800w, https:\/\/vocesparalelas.com.ar\/sitio\/wp-content\/uploads\/2018\/09\/PARQUE-DE-RIVADAVIA-01-300x225.jpg 300w, https:\/\/vocesparalelas.com.ar\/sitio\/wp-content\/uploads\/2018\/09\/PARQUE-DE-RIVADAVIA-01-768x576.jpg 768w, https:\/\/vocesparalelas.com.ar\/sitio\/wp-content\/uploads\/2018\/09\/PARQUE-DE-RIVADAVIA-01.jpg 1000w\" sizes=\"auto, (max-width: 800px) 100vw, 800px\" \/><\/p>\n","protected":false},"excerpt":{"rendered":"<p>La Municipalidad de la Ciudad de Rivadavia desarrolla el Programa \u201cCultura en Conexi\u00f3n\u201d, un ciclo de clases abiertas, libres, gratuitas<\/p>\n","protected":false},"author":3,"featured_media":96049,"comment_status":"closed","ping_status":"closed","sticky":false,"template":"","format":"standard","meta":{"_acf_changed":false,"_seopress_robots_primary_cat":"none","_seopress_titles_title":"","_seopress_titles_desc":"","_seopress_robots_index":"","colormag_page_container_layout":"default_layout","colormag_page_sidebar_layout":"default_layout","footnotes":""},"categories":[10,7],"tags":[],"class_list":["post-96046","post","type-post","status-publish","format-standard","has-post-thumbnail","hentry","category-opiniones","category-videos"],"acf":[],"_links":{"self":[{"href":"https:\/\/vocesparalelas.com.ar\/sitio\/wp-json\/wp\/v2\/posts\/96046","targetHints":{"allow":["GET"]}}],"collection":[{"href":"https:\/\/vocesparalelas.com.ar\/sitio\/wp-json\/wp\/v2\/posts"}],"about":[{"href":"https:\/\/vocesparalelas.com.ar\/sitio\/wp-json\/wp\/v2\/types\/post"}],"author":[{"embeddable":true,"href":"https:\/\/vocesparalelas.com.ar\/sitio\/wp-json\/wp\/v2\/users\/3"}],"replies":[{"embeddable":true,"href":"https:\/\/vocesparalelas.com.ar\/sitio\/wp-json\/wp\/v2\/comments?post=96046"}],"version-history":[{"count":1,"href":"https:\/\/vocesparalelas.com.ar\/sitio\/wp-json\/wp\/v2\/posts\/96046\/revisions"}],"predecessor-version":[{"id":96050,"href":"https:\/\/vocesparalelas.com.ar\/sitio\/wp-json\/wp\/v2\/posts\/96046\/revisions\/96050"}],"wp:featuredmedia":[{"embeddable":true,"href":"https:\/\/vocesparalelas.com.ar\/sitio\/wp-json\/wp\/v2\/media\/96049"}],"wp:attachment":[{"href":"https:\/\/vocesparalelas.com.ar\/sitio\/wp-json\/wp\/v2\/media?parent=96046"}],"wp:term":[{"taxonomy":"category","embeddable":true,"href":"https:\/\/vocesparalelas.com.ar\/sitio\/wp-json\/wp\/v2\/categories?post=96046"},{"taxonomy":"post_tag","embeddable":true,"href":"https:\/\/vocesparalelas.com.ar\/sitio\/wp-json\/wp\/v2\/tags?post=96046"}],"curies":[{"name":"wp","href":"https:\/\/api.w.org\/{rel}","templated":true}]}}