{"id":96038,"date":"2026-01-22T22:10:06","date_gmt":"2026-01-23T01:10:06","guid":{"rendered":"https:\/\/vocesparalelas.com.ar\/sitio\/?p=96038"},"modified":"2026-01-23T19:50:07","modified_gmt":"2026-01-23T22:50:07","slug":"extremar-el-cuidado-de-agua-potable-en-el-gran-san-juan-por-las-lluvias","status":"publish","type":"post","link":"https:\/\/vocesparalelas.com.ar\/sitio\/extremar-el-cuidado-de-agua-potable-en-el-gran-san-juan-por-las-lluvias\/","title":{"rendered":"Extremar el cuidado de Agua Potable en el Gran San Juan por las lluvias"},"content":{"rendered":"<p>Debido al alerta meteorol\u00f3gica emitido por Protecci\u00f3n Civil por lluvias persistentes se han activado diversas maniobras preventivas con el objetivo de minimizar posibles consecuencias en el abastecimiento de agua potable.<\/p>\n<p>Vale destacar, que la creciente que se genera en los ingresos de agua cruda al Establecimiento Potabilizador de Marquesado, afectan y reducen la capacidad de procesamiento de la planta, lo que repercute en la producci\u00f3n de agua potable, generando una disminuci\u00f3n de los niveles de reserva de la planta, como as\u00ed tambi\u00e9n en el normal suministro que se brinda a los hogares.<\/p>\n<p>Por tal motivo, solicitan extremar el cuidado de la reserva del tanque domiciliario, priorizando el consumo de agua potable para actividades b\u00e1sicas de bebida, higiene y alimentaci\u00f3n.<\/p>\n<p><img loading=\"lazy\" decoding=\"async\" class=\"alignnone size-full wp-image-87993\" src=\"https:\/\/vocesparalelas.com.ar\/sitio\/wp-content\/uploads\/2025\/06\/OSSE-LOGO-ULTIMO.jpg\" alt=\"\" width=\"800\" height=\"446\" srcset=\"https:\/\/vocesparalelas.com.ar\/sitio\/wp-content\/uploads\/2025\/06\/OSSE-LOGO-ULTIMO.jpg 800w, https:\/\/vocesparalelas.com.ar\/sitio\/wp-content\/uploads\/2025\/06\/OSSE-LOGO-ULTIMO-300x167.jpg 300w, https:\/\/vocesparalelas.com.ar\/sitio\/wp-content\/uploads\/2025\/06\/OSSE-LOGO-ULTIMO-768x428.jpg 768w\" sizes=\"auto, (max-width: 800px) 100vw, 800px\" \/><\/p>\n","protected":false},"excerpt":{"rendered":"<p>Debido al alerta meteorol\u00f3gica emitido por Protecci\u00f3n Civil por lluvias persistentes se han activado diversas maniobras preventivas con el objetivo<\/p>\n","protected":false},"author":3,"featured_media":32622,"comment_status":"closed","ping_status":"closed","sticky":false,"template":"","format":"standard","meta":{"_acf_changed":false,"_seopress_robots_primary_cat":"none","_seopress_titles_title":"","_seopress_titles_desc":"","_seopress_robots_index":"","colormag_page_container_layout":"default_layout","colormag_page_sidebar_layout":"default_layout","footnotes":""},"categories":[6],"tags":[],"class_list":["post-96038","post","type-post","status-publish","format-standard","has-post-thumbnail","hentry","category-eventos"],"acf":[],"_links":{"self":[{"href":"https:\/\/vocesparalelas.com.ar\/sitio\/wp-json\/wp\/v2\/posts\/96038","targetHints":{"allow":["GET"]}}],"collection":[{"href":"https:\/\/vocesparalelas.com.ar\/sitio\/wp-json\/wp\/v2\/posts"}],"about":[{"href":"https:\/\/vocesparalelas.com.ar\/sitio\/wp-json\/wp\/v2\/types\/post"}],"author":[{"embeddable":true,"href":"https:\/\/vocesparalelas.com.ar\/sitio\/wp-json\/wp\/v2\/users\/3"}],"replies":[{"embeddable":true,"href":"https:\/\/vocesparalelas.com.ar\/sitio\/wp-json\/wp\/v2\/comments?post=96038"}],"version-history":[{"count":1,"href":"https:\/\/vocesparalelas.com.ar\/sitio\/wp-json\/wp\/v2\/posts\/96038\/revisions"}],"predecessor-version":[{"id":96041,"href":"https:\/\/vocesparalelas.com.ar\/sitio\/wp-json\/wp\/v2\/posts\/96038\/revisions\/96041"}],"wp:featuredmedia":[{"embeddable":true,"href":"https:\/\/vocesparalelas.com.ar\/sitio\/wp-json\/wp\/v2\/media\/32622"}],"wp:attachment":[{"href":"https:\/\/vocesparalelas.com.ar\/sitio\/wp-json\/wp\/v2\/media?parent=96038"}],"wp:term":[{"taxonomy":"category","embeddable":true,"href":"https:\/\/vocesparalelas.com.ar\/sitio\/wp-json\/wp\/v2\/categories?post=96038"},{"taxonomy":"post_tag","embeddable":true,"href":"https:\/\/vocesparalelas.com.ar\/sitio\/wp-json\/wp\/v2\/tags?post=96038"}],"curies":[{"name":"wp","href":"https:\/\/api.w.org\/{rel}","templated":true}]}}