{"id":96022,"date":"2026-01-22T19:38:50","date_gmt":"2026-01-22T22:38:50","guid":{"rendered":"https:\/\/vocesparalelas.com.ar\/sitio\/?p=96022"},"modified":"2026-01-22T19:50:55","modified_gmt":"2026-01-22T22:50:55","slug":"apoya-a-los-ciclistas-de-la-41a-edicion-de-la-vuelta-a-san-juan-esperando-su-paso","status":"publish","type":"post","link":"https:\/\/vocesparalelas.com.ar\/sitio\/apoya-a-los-ciclistas-de-la-41a-edicion-de-la-vuelta-a-san-juan-esperando-su-paso\/","title":{"rendered":"Apoya a los ciclistas de la 41\u00aa edici\u00f3n de la Vuelta a San Juan esperando su paso"},"content":{"rendered":"<p>En la sala de prensa Dante Pantuso, del Estadio Aldo Cantoni, se realiz\u00f3 la presentaci\u00f3n de la 41\u00aa edici\u00f3n de la Vuelta a San Juan, competencia cicl\u00edstica que transita por calles y rutas de los Departamentos Santa Luc\u00eda, Capital, Rawson, Pocito, Sarmiento, 25 de Mayo, 9 de Julio, San Mart\u00edn, Angaco, Albard\u00f3n, Chimbas, Zonda, Ullum, Rivadavia, Iglesia y Caucete, totalizando 1.120 km.<\/p>\n<p><img loading=\"lazy\" decoding=\"async\" class=\"alignnone size-full wp-image-82147\" src=\"https:\/\/vocesparalelas.com.ar\/sitio\/wp-content\/uploads\/2025\/02\/VUELTA-A-SAN-JUAN-11.jpg\" alt=\"\" width=\"800\" height=\"450\" srcset=\"https:\/\/vocesparalelas.com.ar\/sitio\/wp-content\/uploads\/2025\/02\/VUELTA-A-SAN-JUAN-11.jpg 800w, https:\/\/vocesparalelas.com.ar\/sitio\/wp-content\/uploads\/2025\/02\/VUELTA-A-SAN-JUAN-11-300x169.jpg 300w, https:\/\/vocesparalelas.com.ar\/sitio\/wp-content\/uploads\/2025\/02\/VUELTA-A-SAN-JUAN-11-768x432.jpg 768w\" sizes=\"auto, (max-width: 800px) 100vw, 800px\" \/><\/p>\n<p>La carrera, destinada a ciclistas masculinos de categor\u00eda Sub 23 y Elite, cuenta con la presencia de equipos locales, nacionales y representantes de Chile, Colombia y Brasil.<\/p>\n<p>Adem\u00e1s, organiza el Pedal Club Olimpia, el respaldo del Ministerio de Turismo, Cultura y Deporte del Gobierno de San Juan con su Secretar\u00eda de Deporte y Agencia Deportes San Juan, la fiscalizaci\u00f3n de la Federaci\u00f3n Ciclista Sanjuanina, presencia de la Federaci\u00f3n Argentina de Ciclismo de Pista y Ruta y el auspicio principal del Gobierno de San Juan.<\/p>\n<p><img loading=\"lazy\" decoding=\"async\" class=\"alignnone size-full wp-image-96030\" src=\"https:\/\/vocesparalelas.com.ar\/sitio\/wp-content\/uploads\/2026\/01\/VUELTA-A-SAN-JUAN-2026-02.jpg\" alt=\"\" width=\"800\" height=\"450\" srcset=\"https:\/\/vocesparalelas.com.ar\/sitio\/wp-content\/uploads\/2026\/01\/VUELTA-A-SAN-JUAN-2026-02.jpg 800w, https:\/\/vocesparalelas.com.ar\/sitio\/wp-content\/uploads\/2026\/01\/VUELTA-A-SAN-JUAN-2026-02-300x169.jpg 300w, https:\/\/vocesparalelas.com.ar\/sitio\/wp-content\/uploads\/2026\/01\/VUELTA-A-SAN-JUAN-2026-02-768x432.jpg 768w\" sizes=\"auto, (max-width: 800px) 100vw, 800px\" \/><\/p>\n<p>En la presentaci\u00f3n, estuvo presente el secretario de Deporte, Dr. Pablo Tabachnik; presidente de Agencia Deportes San Juan, Pablo Aubone; presidente de Pedal Club Olimpia, Juan Ernesto Pacheco; presidente de Federaci\u00f3n Ciclista Sanjuanina, Alejandra Perona y el asesor de la Secretar\u00eda de Deporte, H\u00e9ctor Maximiliano Lucero.<\/p>\n<p>Tambi\u00e9n, estuvieron presentes el diputado departamental de Rivadavia, Dr. Juan de la Cruz C\u00f3rdoba, representantes de las municipalidades de Capital, Rivadavia, Santa Luc\u00eda y Sarmiento, autoridades, invitados especiales, medios de comunicaci\u00f3n, comisarios deportivos, ciclistas.<\/p>\n<p>Juan Ernesto Pacheco, presidente del Club Olimpia, fue el primero en dirigirse a los presentes: \u201cEs un placer ver esta tribuna donde conozco much\u00edsima gente; ya llevo 25 a\u00f1os como presidente y espero que sea el \u00faltimo, porque ya vamos a darle paso a otra gente. Much\u00edsimas gracias a todos ustedes por acompa\u00f1arnos.<\/p>\n<p>Agradecer en primer lugar a la polic\u00eda de la provincia de San Juan, que nos da una mano tremenda y quienes trabajan en la seguridad porque est\u00e1n en todas las esquinas esperando con su banderita. Gracias al periodismo de la provincia porque son los que sacan a la gente a la calle, siempre lo digo, porque van y est\u00e1n en las puertas de las casas, eso es muy importante.<\/p>\n<p>\u00c9sta es una vuelta de todos los sanjuaninos, no es de una instituci\u00f3n, nosotros simplemente organizamos pero si\u00e9ntanse en todo, due\u00f1os y gracias a los due\u00f1os del espect\u00e1culo que son los ciclistas, los acompa\u00f1antes que hacen el gran esfuerzo. Nuestro agradecimiento al gobernador Marcelo Orrego y las instrucciones que dio para que todo su equipo colaborara con esta instituci\u00f3n, como el secretario de Deporte, el presidente de la Agencia Deportes San Juan y su equipo\u201d.<\/p>\n<p>H\u00e9ctor Lucero (asesor de la Secretar\u00eda de Deporte): \u201cAgradecer al gobernador Marcelo Orrego porque desde el primer momento de la gesti\u00f3n y voy a hacer un poquito de hincapi\u00e9 en la historia, ya que el 10 de diciembre arranc\u00e1bamos una temporada de ruta donde nos tocaba asumir toda esa responsabilidad y fue cuando me convocaron para trabajar en la parte de ciclismo y pudimos hacer una vuelta en menos de 15 d\u00edas con el equipo de la Secretar\u00eda de Deporte, con el ministro Guido Romero, con el secretario Pablo Tabachnik y con el presidente de la Agencia, Pablo Aubone y todo el equipo de Deporte.<\/p>\n<p>Fuimos puliendo detalles y hoy tenemos una Vuelta con las mismas log\u00edsticas de una vuelta internacional. Es la vuelta de los sanjuaninos, con equipos continentales, internacionales, con la cantidad de etapas y que va a tener el mismo color que puede tener una vuelta internacional.<\/p>\n<p>Agradecer a la Federaci\u00f3n Ciclista Sanjuanina por fiscalizar el evento, a su presidenta Alejandra Perona y al Pedal Club Olimpia que ha estado a disposici\u00f3n y en un mano a mano agradecerle a Lucho Aguilar que es uno de los laderos que me ha acompa\u00f1ado en todo hasta el d\u00eda de hoy.<\/p>\n<p>Respecto a los horarios, se adelantan por el tema de que los dorsales no se ven cuando nos quedamos con poca luz, entonces por eso que se adelantan los horarios siempre, pero no es por el calor, es para que la carrera salga perfecta y que despu\u00e9s le puedan hacer las preguntas a ellos que se las van a explicar. A disfrutar la carrera y est\u00e1n todos invitados a acompa\u00f1arnos en el pr\u00f3logo este viernes a las 17 horas en Tom\u00e1s Edison y Col\u00f3n, donde se har\u00e1 la apertura con el ciclismo inclusivo\u201d.<\/p>\n<p>Pablo Aubone, presidente de la Agencia Deporte San Juan: \u201cFelices de ver la convocatoria y entiendo que el evento lo amerita, as\u00ed que por nuestra parte estamos muy contentos. Agradecer al gobernador de la Provincia, Marcelo Orrego, quien siempre nos apoya a nosotros con todas las actividades deportivas y l\u00f3gicamente durante estos meses apoya al ciclismo como desde los comienzos de su gesti\u00f3n; al ministro de Turismo, Cultura y Deportes, Guido Romero, quien hoy no puede estar presente, pero est\u00e1 al tanto de todas las actividades y es quien nos dirige y la cabeza al frente de toda nuestra gesti\u00f3n. A Pablo Tabachnik, como Secretario de Deportes, juntamente con todo el equipo de la Secretar\u00eda y de la Agencia Deportes San Juan, la verdad que est\u00e1 siempre en todo lo que es la parte administrativa, que tambi\u00e9n es algo muy necesario para lograr que el evento se realice con las autorizaciones correspondientes y de la mejor manera.<\/p>\n<p>Agradecer tambi\u00e9n a Juan Pacheco, presidente del Olimpia Pedal Club, a Alejandra Perona, como presidente de la Federaci\u00f3n Sanjuanina de Ciclismo, H\u00e9ctor Willy Lucero, quien se encarga de toda la log\u00edstica, confecci\u00f3n de las etapas, interacci\u00f3n con comisarios, una gesti\u00f3n que es bastante din\u00e1mica y por ah\u00ed tiene que tomar decisiones que son dif\u00edciles.<\/p>\n<p>Destacar el trabajo de la prensa local que es quien se encarga de difundir la Vuelta a San Juan para que llegue a todos los medios y que todos los sanjuaninos est\u00e9n al tanto de la din\u00e1mica, las fechas, los horarios y todo lo que es la actualidad. Finalmente, quiero agradecer a los m\u00e1s de 160 ciclistas que son, en definitiva, los que le dan vida al ciclismo y permiten que el ciclismo de San Juan siga creciendo a\u00f1o a a\u00f1o.<\/p>\n<p>Por nuestra parte, la verdad que estamos muy felices de estar involucrados en la Vuelta de San Juan, nos gusta estar presentes, la seguimos durante los m\u00e1s de 1.050 kil\u00f3metros, estamos ah\u00ed no solamente para satisfacer las necesidades que surjan diariamente, sino tambi\u00e9n para aprender para el futuro. \u00c9sta es la tercera vuelta que realizamos bajo nuestra gesti\u00f3n. Como lo dijo Willy, ha ido mejorando a\u00f1o a a\u00f1o y pretendemos siempre ir puliendo y mejorando para el futuro.<\/p>\n<p>La Vuelta a San Juan no es solamente la actividad de pocas personas, sino que hay una interacci\u00f3n entre distintas autoridades, entidades, que hacen que llegue a los sanjuaninos. Desearle el mayor de los \u00e9xitos a todos los ciclistas que vengan a San Juan y que tengan el mejor desenlace en la carrera, llev\u00e1ndose la mejor impresi\u00f3n de San Juan y que cada uno, fuera de que gane o pierda, supere las expectativas en cuanto a sus objetivos\u201d.<\/p>\n<p>Pablo Tabachnik, Secretario de Deporte: \u201cQuiero hacer un agradecimiento especial al diputado Juan Cruz C\u00f3rdoba y a trav\u00e9s de \u00e9l, a toda la Legislatura, por esta declaraci\u00f3n de inter\u00e9s deportiva de la vuelta de los sanjuaninos de esta cuadrag\u00e9simo primera edici\u00f3n. Tambi\u00e9n a las autoridades de los distintos municipios y que son un pilar fundamental en la realizaci\u00f3n de esta tradicional y querida vuelta a San Juan.<\/p>\n<p>Gracias a V\u00edctor Maldonado por hacer posible que la vuelta llegue a la municipalidad de Pocito. Agradecer a todos los medios de prensa y en ustedes, recalcar obviamente el aporte fundamental, no solo en la difusi\u00f3n del hecho deportivo, de esto tan lindo que llena las calles, que es la Vuelta a San Juan, sino tambi\u00e9n por informar los resultados, por llevarle tranquilidad a las familias en que todo va pasando de manera segura, tambi\u00e9n de informar a las distintas comunidades y a las distintas personas de los cortes programados, que conlleva una vuelta de esta naturaleza y que le pedimos claramente a los ciudadanos que entiendan que es solo un ratito y que es algo muy importante a nivel deportivo y social y econ\u00f3mico para la provincia de San Juan.<\/p>\n<p>Agradezco al gobernador, doctor Marcelo Orrego, por algo que nos dijo desde un primer momento y tambi\u00e9n se ve reflejado ac\u00e1 en la Vuelta a San Juan, y es que el deporte en San Juan sea protagonista y que los deportistas sanjuaninos sean protagonistas de los eventos deportivos que pasan ac\u00e1 en San Juan. Creo que con este formato que lleva a su tercera edici\u00f3n en la gesti\u00f3n del gobernador, los ciclistas y equipos sanjuaninos han recobrado el protagonismo que ellos se merecen, que es el que todos pretendemos, que nos representen como deporte emblema de la provincia.<\/p>\n<p>En cada una de las carreras del calendario, son nuestros ciclistas quienes llevan la bandera de San Juan y en eso felicitar a los equipos, a los jefes de equipos, a todos los colaboradores y principalmente a los deportistas, por dejar siempre bien puesta la bandera de San Juan, tanto deportiva como en otros temas.<\/p>\n<p>Trabajamos para que la Vuelta salga en forma impecable, que el nivel de seguridad sea cuidado al detalle para que cada uno pueda finalizar su carrera en las mejores condiciones y que solamente sea el cansancio f\u00edsico las quejas que tengan. Quiero detenerme y agradecer a Pablo Abone y a todo el equipo de la Agencia Deportes San Juan por estar en cada uno de los detalles y la organizaci\u00f3n de una Vuelta que conlleva un sinn\u00famero de aristas que se tocan, como salud, seguridad, un mont\u00f3n de proveedores, log\u00edstica de transporte, cuestiones que tienen que ver con lo deportivo y que las dos ediciones anteriores salieron muy bien y que estamos muy convencidos de que esta edici\u00f3n va a ser mejor y que el a\u00f1o pr\u00f3ximo ser\u00e1 mejor que este, porque para eso se trabaja y mucho en toda el \u00e1rea de deporte.<\/p>\n<p>Lleg\u00f3 el momento que todos esperan dentro del ciclismo en la provincia. La Vuelta va a llegar a 16 departamentos en esta oportunidad, lo cual es espectacular, m\u00e1s de mil kil\u00f3metros por distintos paisajes de la provincia, donde vamos a poder, no s\u00f3lo vivir un hecho deportivo, sino poder mostrar todas las bondades que tiene San Juan y que se va a replicar a trav\u00e9s de todos los sitios que siguen el ciclismo, todos los visitantes que llegan a la provincia, tanto nacionales, como equipos continentales y que esta sea una Vuelta que sea recordada en su edici\u00f3n n\u00famero 41 por ser muy buena, porque deje San Juan muy bien parado y as\u00ed que agradecerles a todos cada colaboraci\u00f3n, a seguir la vuelta, a llenar las calles, a acompa\u00f1ar a los ciclistas, alentarlos con responsabilidad, cuidado con el agua, no meterse en los trazados, cuidemos que nuestros ciclistas lleguen a destino y que ese domingo primero de febrero a la Avenida de Circunvalaci\u00f3n la tengamos repleta de familias como a todos los sanjuaninos nos gusta\u201d.<\/p>\n<p>&nbsp;<\/p>\n<p><img loading=\"lazy\" decoding=\"async\" class=\"alignnone size-full wp-image-95824\" src=\"https:\/\/vocesparalelas.com.ar\/sitio\/wp-content\/uploads\/2026\/01\/VUELTA-A-SAN-JUAN-2026-LOGO.png\" alt=\"\" width=\"800\" height=\"464\" srcset=\"https:\/\/vocesparalelas.com.ar\/sitio\/wp-content\/uploads\/2026\/01\/VUELTA-A-SAN-JUAN-2026-LOGO.png 800w, https:\/\/vocesparalelas.com.ar\/sitio\/wp-content\/uploads\/2026\/01\/VUELTA-A-SAN-JUAN-2026-LOGO-300x174.png 300w, https:\/\/vocesparalelas.com.ar\/sitio\/wp-content\/uploads\/2026\/01\/VUELTA-A-SAN-JUAN-2026-LOGO-768x445.png 768w\" sizes=\"auto, (max-width: 800px) 100vw, 800px\" \/><\/p>\n","protected":false},"excerpt":{"rendered":"<p>En la sala de prensa Dante Pantuso, del Estadio Aldo Cantoni, se realiz\u00f3 la presentaci\u00f3n de la 41\u00aa edici\u00f3n de<\/p>\n","protected":false},"author":3,"featured_media":96025,"comment_status":"closed","ping_status":"closed","sticky":false,"template":"","format":"standard","meta":{"_acf_changed":false,"_seopress_robots_primary_cat":"none","_seopress_titles_title":"","_seopress_titles_desc":"","_seopress_robots_index":"","colormag_page_container_layout":"default_layout","colormag_page_sidebar_layout":"default_layout","footnotes":""},"categories":[1],"tags":[],"class_list":["post-96022","post","type-post","status-publish","format-standard","has-post-thumbnail","hentry","category-destacadas"],"acf":[],"_links":{"self":[{"href":"https:\/\/vocesparalelas.com.ar\/sitio\/wp-json\/wp\/v2\/posts\/96022","targetHints":{"allow":["GET"]}}],"collection":[{"href":"https:\/\/vocesparalelas.com.ar\/sitio\/wp-json\/wp\/v2\/posts"}],"about":[{"href":"https:\/\/vocesparalelas.com.ar\/sitio\/wp-json\/wp\/v2\/types\/post"}],"author":[{"embeddable":true,"href":"https:\/\/vocesparalelas.com.ar\/sitio\/wp-json\/wp\/v2\/users\/3"}],"replies":[{"embeddable":true,"href":"https:\/\/vocesparalelas.com.ar\/sitio\/wp-json\/wp\/v2\/comments?post=96022"}],"version-history":[{"count":4,"href":"https:\/\/vocesparalelas.com.ar\/sitio\/wp-json\/wp\/v2\/posts\/96022\/revisions"}],"predecessor-version":[{"id":96031,"href":"https:\/\/vocesparalelas.com.ar\/sitio\/wp-json\/wp\/v2\/posts\/96022\/revisions\/96031"}],"wp:featuredmedia":[{"embeddable":true,"href":"https:\/\/vocesparalelas.com.ar\/sitio\/wp-json\/wp\/v2\/media\/96025"}],"wp:attachment":[{"href":"https:\/\/vocesparalelas.com.ar\/sitio\/wp-json\/wp\/v2\/media?parent=96022"}],"wp:term":[{"taxonomy":"category","embeddable":true,"href":"https:\/\/vocesparalelas.com.ar\/sitio\/wp-json\/wp\/v2\/categories?post=96022"},{"taxonomy":"post_tag","embeddable":true,"href":"https:\/\/vocesparalelas.com.ar\/sitio\/wp-json\/wp\/v2\/tags?post=96022"}],"curies":[{"name":"wp","href":"https:\/\/api.w.org\/{rel}","templated":true}]}}