{"id":96000,"date":"2026-01-21T20:26:33","date_gmt":"2026-01-21T23:26:33","guid":{"rendered":"https:\/\/vocesparalelas.com.ar\/sitio\/?p=96000"},"modified":"2026-01-23T00:25:22","modified_gmt":"2026-01-23T03:25:22","slug":"curso-de-verano-sobre-mineria-2026-para-jovenes-de-los-departamentos-calingasta-e-iglesia-de-san-juan","status":"publish","type":"post","link":"https:\/\/vocesparalelas.com.ar\/sitio\/curso-de-verano-sobre-mineria-2026-para-jovenes-de-los-departamentos-calingasta-e-iglesia-de-san-juan\/","title":{"rendered":"Curso de verano sobre miner\u00eda 2026 para j\u00f3venes de los Departamentos Calingasta e Iglesia de San Juan"},"content":{"rendered":"<p>La iniciativa, se enmarca en un trabajo conjunto entre el Gobierno de San Juan y la empresa Sandvik, busca acercar a j\u00f3venes de 17 a 22 a\u00f1os al mundo de la miner\u00eda, brindando herramientas t\u00e9cnicas y una visi\u00f3n actualizada sobre el sector. Se encuentran las inscripciones abiertas.<\/p>\n<p><strong><span style=\"color: #ff6600;\">Cronograma de clases<\/span><\/strong><\/p>\n<ul>\n<li>Departamento Iglesia del 28 de Enero al 18 de Febrero de 2026<\/li>\n<li>Departamento Calingasta del 29 de Enero al 19 de Febrero de 2026.<\/li>\n<\/ul>\n<p>Los instructores son profesionales de Sandvik con experiencia en el sector, garantizando una formaci\u00f3n de calidad y actualizada.<\/p>\n<p>La propuesta incluye clases presenciales semanales de 4 horas, totalizando 16 horas distribuidas en cuatro sesiones.<\/p>\n<p>Los contenidos abarcan desde conceptos fundamentales de miner\u00eda y su importancia econ\u00f3mica y social, hasta la identificaci\u00f3n de procesos mineros, diferencias entre miner\u00eda subterr\u00e1nea y a cielo abierto, y el reconocimiento de equipos, entre otros aspectos.<\/p>\n<p>Adem\u00e1s, se abordan tendencias tecnol\u00f3gicas como automatizaci\u00f3n, digitalizaci\u00f3n y sostenibilidad, con pr\u00e1cticas en simuladores y entrega de diplomas al finalizar.<\/p>\n<p>La sinergia entre los ministerios de Miner\u00eda, Producci\u00f3n, Trabajo e Innovaci\u00f3n y Educaci\u00f3n del Gobierno de San Juan, en conjunto con la empresa Sandvik y el expertise de sus profesionales, tiene por objeto potenciar las capacidades de los j\u00f3venes en zonas de influencia minera.<\/p>\n<p><span style=\"color: #ff6600;\"><strong>Formulario de inscripci\u00f3n<\/strong><\/span><\/p>\n<p><a href=\"https:\/\/forms.gle\/n3YgnUhy89o2oob66\">https:\/\/forms.gle\/n3YgnUhy89o2oob66<\/a><\/p>\n<p>&nbsp;<\/p>\n<p><img loading=\"lazy\" decoding=\"async\" class=\"alignnone size-full wp-image-65642\" src=\"https:\/\/vocesparalelas.com.ar\/sitio\/wp-content\/uploads\/2023\/11\/GOBIERNO-SAN-JUAN.jpg\" alt=\"\" width=\"800\" height=\"600\" srcset=\"https:\/\/vocesparalelas.com.ar\/sitio\/wp-content\/uploads\/2023\/11\/GOBIERNO-SAN-JUAN.jpg 800w, https:\/\/vocesparalelas.com.ar\/sitio\/wp-content\/uploads\/2023\/11\/GOBIERNO-SAN-JUAN-300x225.jpg 300w, https:\/\/vocesparalelas.com.ar\/sitio\/wp-content\/uploads\/2023\/11\/GOBIERNO-SAN-JUAN-768x576.jpg 768w\" sizes=\"auto, (max-width: 800px) 100vw, 800px\" \/><\/p>\n","protected":false},"excerpt":{"rendered":"<p>La iniciativa, se enmarca en un trabajo conjunto entre el Gobierno de San Juan y la empresa Sandvik, busca acercar<\/p>\n","protected":false},"author":3,"featured_media":39831,"comment_status":"closed","ping_status":"closed","sticky":false,"template":"","format":"standard","meta":{"_acf_changed":false,"_seopress_robots_primary_cat":"none","_seopress_titles_title":"","_seopress_titles_desc":"","_seopress_robots_index":"","colormag_page_container_layout":"default_layout","colormag_page_sidebar_layout":"default_layout","footnotes":""},"categories":[9],"tags":[],"class_list":["post-96000","post","type-post","status-publish","format-standard","has-post-thumbnail","hentry","category-cursos"],"acf":[],"_links":{"self":[{"href":"https:\/\/vocesparalelas.com.ar\/sitio\/wp-json\/wp\/v2\/posts\/96000","targetHints":{"allow":["GET"]}}],"collection":[{"href":"https:\/\/vocesparalelas.com.ar\/sitio\/wp-json\/wp\/v2\/posts"}],"about":[{"href":"https:\/\/vocesparalelas.com.ar\/sitio\/wp-json\/wp\/v2\/types\/post"}],"author":[{"embeddable":true,"href":"https:\/\/vocesparalelas.com.ar\/sitio\/wp-json\/wp\/v2\/users\/3"}],"replies":[{"embeddable":true,"href":"https:\/\/vocesparalelas.com.ar\/sitio\/wp-json\/wp\/v2\/comments?post=96000"}],"version-history":[{"count":1,"href":"https:\/\/vocesparalelas.com.ar\/sitio\/wp-json\/wp\/v2\/posts\/96000\/revisions"}],"predecessor-version":[{"id":96003,"href":"https:\/\/vocesparalelas.com.ar\/sitio\/wp-json\/wp\/v2\/posts\/96000\/revisions\/96003"}],"wp:featuredmedia":[{"embeddable":true,"href":"https:\/\/vocesparalelas.com.ar\/sitio\/wp-json\/wp\/v2\/media\/39831"}],"wp:attachment":[{"href":"https:\/\/vocesparalelas.com.ar\/sitio\/wp-json\/wp\/v2\/media?parent=96000"}],"wp:term":[{"taxonomy":"category","embeddable":true,"href":"https:\/\/vocesparalelas.com.ar\/sitio\/wp-json\/wp\/v2\/categories?post=96000"},{"taxonomy":"post_tag","embeddable":true,"href":"https:\/\/vocesparalelas.com.ar\/sitio\/wp-json\/wp\/v2\/tags?post=96000"}],"curies":[{"name":"wp","href":"https:\/\/api.w.org\/{rel}","templated":true}]}}