{"id":95987,"date":"2026-01-21T19:34:07","date_gmt":"2026-01-21T22:34:07","guid":{"rendered":"https:\/\/vocesparalelas.com.ar\/sitio\/?p=95987"},"modified":"2026-01-21T20:58:51","modified_gmt":"2026-01-21T23:58:51","slug":"san-juan-presente-en-fitur-2026-de-la-republica-espana","status":"publish","type":"post","link":"https:\/\/vocesparalelas.com.ar\/sitio\/san-juan-presente-en-fitur-2026-de-la-republica-espana\/","title":{"rendered":"San Juan presente en FITUR 2026 de la Rep\u00fablica Espa\u00f1a"},"content":{"rendered":"<p>El gobernador de San Juan, Dr. Marcelo Orrego y el secretario de Turismo de Naci\u00f3n Argentina, Daniel Scioli junto a la comitiva de la Naci\u00f3n se encuentran participando de FITUR 2026, la feria de turismo m\u00e1s grande del mundo que se realiza en Madrid, Espa\u00f1a.<\/p>\n<p>Es importante destacar que esta oportunidad de participar surgi\u00f3 originalmente en septiembre de 2025, durante la visita del secretario nacional Daniel Scioli a la provincia para el Foro Nacional de Turismo.<\/p>\n<p>Por otro lado, la comitiva sanjuanina, que forma parte del stand argentino en la feria, asiste bajo un programa financiado por el Consejo Federal de Inversiones (CFI) tras recibir una invitaci\u00f3n de la Organizaci\u00f3n Mundial del Turismo a trav\u00e9s de su director regional, Gustavo Santos.<\/p>\n<p>El prop\u00f3sito central de la presencia sanjuanina en el stand argentino es consolidar a la provincia como un destino destacado para el turismo receptivo, apoy\u00e1ndose en atractivos de renombre internacional como el Parque Ischigualasto y el turismo astron\u00f3mico. Al mismo tiempo, las autoridades trabajan para potenciar el perfil de San Juan como un lugar ideal para el turismo de eventos y convenciones, conocido t\u00e9cnicamente como sector MICE.<\/p>\n<p>Durante las jornadas de trabajo, la agenda oficial incluye encuentros estrat\u00e9gicos con empresas nacionales e internacionales para fomentar la llegada de inversiones que mejoren la infraestructura tur\u00edstica local. Otro de los puntos clave es la gesti\u00f3n de nuevas rutas a\u00e9reas de cabotaje e internacionales que permitan aumentar la conectividad de la regi\u00f3n con el resto del mundo.<\/p>\n<p>En el marco de este viaje, el gobernador Orrego mantiene reuniones con importantes figuras como el embajador argentino en Espa\u00f1a, Wenceslao Bunge Saravia, y el secretario de Turismo de la Naci\u00f3n, Daniel Scioli. Tambi\u00e9n se llevan adelante di\u00e1logos con autoridades del Banco de Desarrollo de Am\u00e9rica Latina y el Caribe (CAF) y directivos de HBX Group, una firma global especializada en tecnolog\u00eda aplicada a la distribuci\u00f3n de servicios tur\u00edsticos.<\/p>\n<p><img loading=\"lazy\" decoding=\"async\" class=\"alignnone size-full wp-image-95994\" src=\"https:\/\/vocesparalelas.com.ar\/sitio\/wp-content\/uploads\/2026\/01\/ESPANA-FITUR-03.jpg\" alt=\"\" width=\"800\" height=\"493\" srcset=\"https:\/\/vocesparalelas.com.ar\/sitio\/wp-content\/uploads\/2026\/01\/ESPANA-FITUR-03.jpg 800w, https:\/\/vocesparalelas.com.ar\/sitio\/wp-content\/uploads\/2026\/01\/ESPANA-FITUR-03-300x185.jpg 300w, https:\/\/vocesparalelas.com.ar\/sitio\/wp-content\/uploads\/2026\/01\/ESPANA-FITUR-03-768x473.jpg 768w\" sizes=\"auto, (max-width: 800px) 100vw, 800px\" \/><\/p>\n","protected":false},"excerpt":{"rendered":"<p>El gobernador de San Juan, Dr. Marcelo Orrego y el secretario de Turismo de Naci\u00f3n Argentina, Daniel Scioli junto a<\/p>\n","protected":false},"author":3,"featured_media":96004,"comment_status":"closed","ping_status":"closed","sticky":false,"template":"","format":"standard","meta":{"_acf_changed":false,"_seopress_robots_primary_cat":"none","_seopress_titles_title":"","_seopress_titles_desc":"","_seopress_robots_index":"","colormag_page_container_layout":"default_layout","colormag_page_sidebar_layout":"default_layout","footnotes":""},"categories":[1],"tags":[],"class_list":["post-95987","post","type-post","status-publish","format-standard","has-post-thumbnail","hentry","category-destacadas"],"acf":[],"_links":{"self":[{"href":"https:\/\/vocesparalelas.com.ar\/sitio\/wp-json\/wp\/v2\/posts\/95987","targetHints":{"allow":["GET"]}}],"collection":[{"href":"https:\/\/vocesparalelas.com.ar\/sitio\/wp-json\/wp\/v2\/posts"}],"about":[{"href":"https:\/\/vocesparalelas.com.ar\/sitio\/wp-json\/wp\/v2\/types\/post"}],"author":[{"embeddable":true,"href":"https:\/\/vocesparalelas.com.ar\/sitio\/wp-json\/wp\/v2\/users\/3"}],"replies":[{"embeddable":true,"href":"https:\/\/vocesparalelas.com.ar\/sitio\/wp-json\/wp\/v2\/comments?post=95987"}],"version-history":[{"count":1,"href":"https:\/\/vocesparalelas.com.ar\/sitio\/wp-json\/wp\/v2\/posts\/95987\/revisions"}],"predecessor-version":[{"id":95995,"href":"https:\/\/vocesparalelas.com.ar\/sitio\/wp-json\/wp\/v2\/posts\/95987\/revisions\/95995"}],"wp:featuredmedia":[{"embeddable":true,"href":"https:\/\/vocesparalelas.com.ar\/sitio\/wp-json\/wp\/v2\/media\/96004"}],"wp:attachment":[{"href":"https:\/\/vocesparalelas.com.ar\/sitio\/wp-json\/wp\/v2\/media?parent=95987"}],"wp:term":[{"taxonomy":"category","embeddable":true,"href":"https:\/\/vocesparalelas.com.ar\/sitio\/wp-json\/wp\/v2\/categories?post=95987"},{"taxonomy":"post_tag","embeddable":true,"href":"https:\/\/vocesparalelas.com.ar\/sitio\/wp-json\/wp\/v2\/tags?post=95987"}],"curies":[{"name":"wp","href":"https:\/\/api.w.org\/{rel}","templated":true}]}}