{"id":95977,"date":"2026-01-21T22:45:34","date_gmt":"2026-01-22T01:45:34","guid":{"rendered":"https:\/\/vocesparalelas.com.ar\/sitio\/?p=95977"},"modified":"2026-01-23T20:44:17","modified_gmt":"2026-01-23T23:44:17","slug":"unidos-caminemos-en-escucha-oracion-y-mision-en-honor-a-la-virgen-de-lourdes","status":"publish","type":"post","link":"https:\/\/vocesparalelas.com.ar\/sitio\/unidos-caminemos-en-escucha-oracion-y-mision-en-honor-a-la-virgen-de-lourdes\/","title":{"rendered":"\u00abUnidos caminemos en escucha, oraci\u00f3n y misi\u00f3n\u00bb en honor a la Virgen de Lourdes"},"content":{"rendered":"<p>La Capilla Ntra. Sra. de Lourdes desarrolla la Fiestas Patronales del 2 al 11 de Febrero de 2026 \u00abUnidos caminemos en escucha, oraci\u00f3n y misi\u00f3n\u00bb, Esquina de Viren de Lourdes y Dorrego, Villa Lourdes , Departamento Rivadavia.<\/p>\n<p><strong><span style=\"color: #ff6600;\">Todos los d\u00edas Novena<\/span><\/strong><\/p>\n<ul>\n<li>07:00 HS: REZO DE LAUDES<\/li>\n<li>07:30 HS: SANTO ROSARIO Y NOVENA<\/li>\n<li>20,00 HS: ADORACI\u00d3N DEL SANT\u00cdSIMO SACRAMENTO<\/li>\n<li>20,30 HS: REZO DEL SANTO ROSARIO Y NOVENA<\/li>\n<li>21,00HS: SANTA MISA<\/li>\n<\/ul>\n<p><strong><span style=\"color: #ff6600;\">Oraci\u00f3n de la Virgen de Lourdes\u00a0<\/span><\/strong><\/p>\n<p>Madre m\u00eda, Virgen de Lourdes, acu\u00e9rdate de\u00a0m\u00ed.<\/p>\n<p>Cuando ruegue frente a tu imagen, cuando mis\u00a0pensamientos me transporten a tu Santuario,<\/p>\n<p>Madre m\u00eda Virgen de Lourdes, acu\u00e9rdate de m\u00ed.<\/p>\n<p>T\u00fa no abandonas jam\u00e1s al que te invoca, consuelo de los afligidos, protectora especial de los que sufren, Madre m\u00eda Virgen de Lourdes,\u00a0acu\u00e9rdate de m\u00ed.<\/p>\n<p>Fuente de inagotable bondad, cuando sediento\u00a0me dirijo a Ti, para encontrarme con Dios, Madre m\u00eda Virgen de Lourdes, acu\u00e9rdate de m\u00ed.<\/p>\n<p>Aqu\u00ed vengo a pedirte por la Iglesia, por la Patria, por los pecadores y por todos mis seres queridos, Madre m\u00eda Virgen de\u00a0Lourdes, acu\u00e9rdate de m\u00ed.<\/p>\n<p>Aqu\u00ed vengo a decirte mis dolores, a confiarte mis penas y de\u00a0todos los que sufren. Aqu\u00ed vengo a rogarte por mis parientes y\u00a0amigos, que ya partieron a Dios, Madre m\u00eda, Virgen de Lourdes, acu\u00e9rdate de m\u00ed.<\/p>\n<p>En la hora del momento al partir a la Casa del Padre, tu que\u00a0eres mi esperanza, Madre m\u00eda Virgen de Lourdes, acu\u00e9rdate de\u00a0m\u00ed.<\/p>\n<p>Madre Inmaculada, que un d\u00eda junto a Ti, en el cielo, pueda\u00a0alabar y bendecir al Se\u00f1or, por toda la eternidad, Madre m\u00eda,<\/p>\n<p>Virgen de Lourdes, acu\u00e9rdate de m\u00ed.<\/p>\n<p><strong><span style=\"color: #ff6600;\">Programa\u00a0<\/span><\/strong><span style=\"color: #ff6600;\"><strong>\u201cUnidos caminemos en escucha, oraci\u00f3n y misi\u00f3n\u201d<\/strong><\/span><\/p>\n<p><strong><span style=\"color: #ff6600;\">1\u00b0 Eje: Escucha<\/span><\/strong><\/p>\n<p><span style=\"color: #ff6600;\"><strong>Lunes, 02 de Febrero de 2026<\/strong><\/span><\/p>\n<ul>\n<li>Tema: La Palabra de Dios, meditada en la escritura y vivida en la liturgia, es el centro de toda escucha.<\/li>\n<li>Renovaci\u00f3n de Promesas Bautismales y Bendici\u00f3n de Candelas<\/li>\n<li>Encargados: Capillas Sagrado Coraz\u00f3n de Jes\u00fas y Copacabana ,Villa Saffe<\/li>\n<\/ul>\n<p><span style=\"color: #ff6600;\"><strong>Martes, 03 de Febrero de 2026<\/strong><\/span><\/p>\n<ul>\n<li>Tema: La Iglesia es una madre llamada a escuchar a todos con disponibilidad y entrega.<\/li>\n<li>Bendici\u00f3n de Gargantas \u2013 San Blas<\/li>\n<li>Encargados: Capilla Mar\u00eda Auxiliadora y Comunidad Medalla Milagrosa, B\u00b0 Frondizi.<\/li>\n<\/ul>\n<p><span style=\"color: #ff6600;\"><strong>\u00a0Mi\u00e9rcoles, 04<\/strong> <strong> de Febrero de 2026<\/strong><\/span><\/p>\n<ul>\n<li>Tema: Con la escucha construimos la comuni\u00f3n y la fraternidad.<\/li>\n<li>Por la Patria y sus gobernantes<\/li>\n<li>Encargados: Comunidades: San Cayetano, Perpetuo Socorro y Copacabana<\/li>\n<\/ul>\n<p><strong><span style=\"color: #ff6600;\">2\u00b0Eje: Espiritualidad<\/span><\/strong><\/p>\n<p><strong><span style=\"color: #ff6600;\">Jueves, 05 de Febrero de 2026<\/span><\/strong><\/p>\n<ul>\n<li>Tema: La liturgia y los sacramentos son experiencias privilegiadas de encuentro con el Se\u00f1or en la Iglesia.<\/li>\n<li>Por las Vocaciones<\/li>\n<li>Encargada: Se\u00f1ora Marta Orrego<\/li>\n<\/ul>\n<p><strong><span style=\"color: #ff6600;\">Viernes, 06<\/span> <span style=\"color: #ff6600;\">de Febrero de 2026<\/span><\/strong><\/p>\n<ul>\n<li>Tema: La piedad popular es expresi\u00f3n de aut\u00e9ntica espiritualdad cristiana, llamada a fructificar y sostener una cultura de vida cristiana.<\/li>\n<li>Noche Joven<\/li>\n<li>Encargados: Pastoral Juvenil y Acci\u00f3n Cat\u00f3lica<\/li>\n<\/ul>\n<p><strong><span style=\"color: #ff6600;\">S\u00e1bado, 07 de Febrero de 2026<\/span><\/strong><\/p>\n<ul>\n<li>Tema: La espiritualidad nos conduce a vivir la fe en el servicio.<\/li>\n<li>Noche de la Familia. Cena a la Canasta.<\/li>\n<li>Encargados: Comunidades Sagrada Familia y Ntra. Se\u00f1ora del Rosario de San Nicol\u00e1s<\/li>\n<\/ul>\n<p><strong><span style=\"color: #ff6600;\">3\u00b0 Eje: Misi\u00f3n<\/span><\/strong><\/p>\n<p><strong><span style=\"color: #ff6600;\">Domingo, 08<\/span> <span style=\"color: #ff6600;\">de Febrero de 2026<\/span><\/strong><\/p>\n<ul>\n<li>Tema: La misi\u00f3n brota del encuentro con Cristo.<\/li>\n<li>Noche de los Ni\u00f1os<\/li>\n<li>Encargados: Catequistas de la Capilla.<\/li>\n<\/ul>\n<p><strong><span style=\"color: #ff6600;\">Lunes, 09<\/span> <span style=\"color: #ff6600;\">de Febrero de 2026<\/span><\/strong><\/p>\n<ul>\n<li>Tema: Testimonio de vida como primer medio de evangelizaci\u00f3n.<\/li>\n<li>Oraci\u00f3n por los adultos mayores<\/li>\n<li>Encargados: Hnas. del Verbo Encarnado; Comunidades: San Juan Pablo II y Divina Misericordia<\/li>\n<\/ul>\n<p><strong><span style=\"color: #ff6600;\">Martes, 10<\/span> <span style=\"color: #ff6600;\">de Febrero de 2026<\/span><\/strong><\/p>\n<ul>\n<li>Tema: En misi\u00f3n permanente.<\/li>\n<li>Damos gracias a Dios y rezamos por todos los servidores de la Virgen<\/li>\n<li>Encargados: Capilla Ntra. Sra. Del Carmen y Comunidad Medalla Milagrosa (Barrio Sargento Cabral)<\/li>\n<\/ul>\n<p><strong><span style=\"color: #ff6600;\">Mi\u00e9rcoles, 11 de Febrero de 2026<\/span><\/strong><\/p>\n<ul>\n<li>FIESTA PATRONAL D\u00cdA DE LA VIRGEN DE LOURDES y JORNADA MUNDIAL DEL ENFERMO.<\/li>\n<li>19,45 HORAS PROCESI\u00d3N Y SANTA MISA<\/li>\n<li>Encargados: TODOS<\/li>\n<\/ul>\n<p><strong><span style=\"color: #ff6600;\">Para ayuda con las obras de nuestra Capilla<\/span><\/strong><\/p>\n<p>ALIAS de la Capilla de Lourdes: CAPILLADELOURDES2025<\/p>\n<p>&nbsp;<\/p>\n<p>&nbsp;<\/p>\n","protected":false},"excerpt":{"rendered":"<p>La Capilla Ntra. Sra. de Lourdes desarrolla la Fiestas Patronales del 2 al 11 de Febrero de 2026 \u00abUnidos caminemos<\/p>\n","protected":false},"author":3,"featured_media":95980,"comment_status":"closed","ping_status":"closed","sticky":false,"template":"","format":"standard","meta":{"_acf_changed":false,"_seopress_robots_primary_cat":"none","_seopress_titles_title":"","_seopress_titles_desc":"","_seopress_robots_index":"","colormag_page_container_layout":"default_layout","colormag_page_sidebar_layout":"default_layout","footnotes":""},"categories":[20],"tags":[],"class_list":["post-95977","post","type-post","status-publish","format-standard","has-post-thumbnail","hentry","category-cartelera"],"acf":[],"_links":{"self":[{"href":"https:\/\/vocesparalelas.com.ar\/sitio\/wp-json\/wp\/v2\/posts\/95977","targetHints":{"allow":["GET"]}}],"collection":[{"href":"https:\/\/vocesparalelas.com.ar\/sitio\/wp-json\/wp\/v2\/posts"}],"about":[{"href":"https:\/\/vocesparalelas.com.ar\/sitio\/wp-json\/wp\/v2\/types\/post"}],"author":[{"embeddable":true,"href":"https:\/\/vocesparalelas.com.ar\/sitio\/wp-json\/wp\/v2\/users\/3"}],"replies":[{"embeddable":true,"href":"https:\/\/vocesparalelas.com.ar\/sitio\/wp-json\/wp\/v2\/comments?post=95977"}],"version-history":[{"count":1,"href":"https:\/\/vocesparalelas.com.ar\/sitio\/wp-json\/wp\/v2\/posts\/95977\/revisions"}],"predecessor-version":[{"id":96005,"href":"https:\/\/vocesparalelas.com.ar\/sitio\/wp-json\/wp\/v2\/posts\/95977\/revisions\/96005"}],"wp:featuredmedia":[{"embeddable":true,"href":"https:\/\/vocesparalelas.com.ar\/sitio\/wp-json\/wp\/v2\/media\/95980"}],"wp:attachment":[{"href":"https:\/\/vocesparalelas.com.ar\/sitio\/wp-json\/wp\/v2\/media?parent=95977"}],"wp:term":[{"taxonomy":"category","embeddable":true,"href":"https:\/\/vocesparalelas.com.ar\/sitio\/wp-json\/wp\/v2\/categories?post=95977"},{"taxonomy":"post_tag","embeddable":true,"href":"https:\/\/vocesparalelas.com.ar\/sitio\/wp-json\/wp\/v2\/tags?post=95977"}],"curies":[{"name":"wp","href":"https:\/\/api.w.org\/{rel}","templated":true}]}}