{"id":95966,"date":"2026-01-20T19:41:49","date_gmt":"2026-01-20T22:41:49","guid":{"rendered":"https:\/\/vocesparalelas.com.ar\/sitio\/?p=95966"},"modified":"2026-01-20T19:41:49","modified_gmt":"2026-01-20T22:41:49","slug":"san-juan-impulsa-farmacos-con-nanotecnologia","status":"publish","type":"post","link":"https:\/\/vocesparalelas.com.ar\/sitio\/san-juan-impulsa-farmacos-con-nanotecnologia\/","title":{"rendered":"San Juan impulsa f\u00e1rmacos con nanotecnolog\u00eda"},"content":{"rendered":"<p>Un equipo de cient\u00edficos de San Juan impulsa la creaci\u00f3n de una empresa de base tecnol\u00f3gica para desarrollar nanoformulaciones farmac\u00e9uticas con aplicaciones en dolor, quemaduras y lesiones cut\u00e1neas<\/p>\n<p>Se trata de un proyecto liderado por investigadores del Instituto de Ciencias Qu\u00edmicas &#8211; UCC-CONICET &#8211;\u00a0 que apuesta a mejorar medicamentos existentes y crear nuevas formulaciones mediante nanotecnolog\u00eda.<\/p>\n<p>Este fue uno de los proyectos que se presentaron al programa \u201cApoyarnos en la Ciencia\u201d del ministerio de Producci\u00f3n, Trabajo e Innovaci\u00f3n del Gobierno de San Juan, a trav\u00e9s de la Secretaria de Ciencia, Tecnolog\u00eda e Innovaci\u00f3n destinado a fortalecer la colaboraci\u00f3n entre los sectores p\u00fablicos, privados y acad\u00e9micos, para generar soluciones tecnol\u00f3gicas que permitan incorporar ciencia y tecnolog\u00eda a la matriz productiva propiciando la sustentabilidad.<\/p>\n<p>Esta propuesta, a trav\u00e9s de hidrogeles y cremas con col\u00e1geno, CBD, antibi\u00f3ticos y postbi\u00f3ticos, busca optimizar la liberaci\u00f3n de f\u00e1rmacos y potenciar su eficacia. La iniciativa fue seleccionada en la convocatoria provincial Apoyarnos en la ciencia, que no solo financia el desarrollo, sino que promueve la capacitaci\u00f3n emprendedora y la conformaci\u00f3n de una empresa orientada a la comercializaci\u00f3n de productos innovadores.<\/p>\n<p>El trabajo se basa en nanoformulaciones avanzadas, como hidrogeles y cremas, con un amplio espectro de aplicaciones:<\/p>\n<ul>\n<li>Geles con CBD (cannabis medicinal): Apuntados al manejo del dolor.<\/li>\n<li>\u00a0Geles con col\u00e1geno, antibi\u00f3ticos o postbi\u00f3ticos: Dise\u00f1ados para la recuperaci\u00f3n de<\/li>\n<\/ul>\n<p>El Dr. Diego Kassuha, investigador responsable, destac\u00f3 que \u00abel valor de esta convocatoria, nos sac\u00f3 del rol tradicional de solo investigar y nos capacit\u00f3 para emprender. Este apoyo que recibimos nos permitir\u00e1 cubrir aspectos clave para llevar la ciencia al mercado, como el desarrollo de marca, marketing y estrategias de comercializaci\u00f3n\u201d.<\/p>\n<p><iframe loading=\"lazy\" title=\"Nanotecnolog\u00eda aplicada para mejorar la medicina en San Juan\" width=\"800\" height=\"450\" src=\"https:\/\/www.youtube.com\/embed\/cW4GxBLOs9U?feature=oembed\" frameborder=\"0\" allow=\"accelerometer; autoplay; clipboard-write; encrypted-media; gyroscope; picture-in-picture; web-share\" referrerpolicy=\"strict-origin-when-cross-origin\" allowfullscreen><\/iframe><\/p>\n<p>&nbsp;<\/p>\n","protected":false},"excerpt":{"rendered":"<p>Un equipo de cient\u00edficos de San Juan impulsa la creaci\u00f3n de una empresa de base tecnol\u00f3gica para desarrollar nanoformulaciones farmac\u00e9uticas<\/p>\n","protected":false},"author":3,"featured_media":95969,"comment_status":"closed","ping_status":"closed","sticky":false,"template":"","format":"standard","meta":{"_acf_changed":false,"_seopress_robots_primary_cat":"none","_seopress_titles_title":"","_seopress_titles_desc":"","_seopress_robots_index":"","colormag_page_container_layout":"default_layout","colormag_page_sidebar_layout":"default_layout","footnotes":""},"categories":[1,7],"tags":[],"class_list":["post-95966","post","type-post","status-publish","format-standard","has-post-thumbnail","hentry","category-destacadas","category-videos"],"acf":[],"_links":{"self":[{"href":"https:\/\/vocesparalelas.com.ar\/sitio\/wp-json\/wp\/v2\/posts\/95966","targetHints":{"allow":["GET"]}}],"collection":[{"href":"https:\/\/vocesparalelas.com.ar\/sitio\/wp-json\/wp\/v2\/posts"}],"about":[{"href":"https:\/\/vocesparalelas.com.ar\/sitio\/wp-json\/wp\/v2\/types\/post"}],"author":[{"embeddable":true,"href":"https:\/\/vocesparalelas.com.ar\/sitio\/wp-json\/wp\/v2\/users\/3"}],"replies":[{"embeddable":true,"href":"https:\/\/vocesparalelas.com.ar\/sitio\/wp-json\/wp\/v2\/comments?post=95966"}],"version-history":[{"count":1,"href":"https:\/\/vocesparalelas.com.ar\/sitio\/wp-json\/wp\/v2\/posts\/95966\/revisions"}],"predecessor-version":[{"id":95970,"href":"https:\/\/vocesparalelas.com.ar\/sitio\/wp-json\/wp\/v2\/posts\/95966\/revisions\/95970"}],"wp:featuredmedia":[{"embeddable":true,"href":"https:\/\/vocesparalelas.com.ar\/sitio\/wp-json\/wp\/v2\/media\/95969"}],"wp:attachment":[{"href":"https:\/\/vocesparalelas.com.ar\/sitio\/wp-json\/wp\/v2\/media?parent=95966"}],"wp:term":[{"taxonomy":"category","embeddable":true,"href":"https:\/\/vocesparalelas.com.ar\/sitio\/wp-json\/wp\/v2\/categories?post=95966"},{"taxonomy":"post_tag","embeddable":true,"href":"https:\/\/vocesparalelas.com.ar\/sitio\/wp-json\/wp\/v2\/tags?post=95966"}],"curies":[{"name":"wp","href":"https:\/\/api.w.org\/{rel}","templated":true}]}}