{"id":95919,"date":"2026-01-19T13:35:54","date_gmt":"2026-01-19T16:35:54","guid":{"rendered":"https:\/\/vocesparalelas.com.ar\/sitio\/?p=95919"},"modified":"2026-01-20T20:01:45","modified_gmt":"2026-01-20T23:01:45","slug":"talleres-gratuitos-cultura-en-conexion-en-el-parque-de-rivadavia","status":"publish","type":"post","link":"https:\/\/vocesparalelas.com.ar\/sitio\/talleres-gratuitos-cultura-en-conexion-en-el-parque-de-rivadavia\/","title":{"rendered":"Talleres gratuitos \u201cCultura en Conexi\u00f3n\u201d en el Parque de Rivadavia"},"content":{"rendered":"<p>Durante la temporada de verano, la Municipalidad de la Ciudad de Rivadavia contin\u00faa con su programa \u201cCultura en Conexi\u00f3n\u201d, un ciclo de clases abiertas que se dictan en el tradicional paseo del departamento. Las actividades son libres, gratuitas y no requieren inscripci\u00f3n.<\/p>\n<p>Las clases se desarrollan al aire libre, son gratuitas y no requieren inscripci\u00f3n previa, lo que permite que los vecinos\u00a0 se sumen de manera espont\u00e1nea.<\/p>\n<p>Las actividades tienen lugar en la Plaza C\u00edvica del Parque de Rivadavia, los d\u00edas lunes, mi\u00e9rcoles y jueves a las 21 horas, con una grilla semanal que incluye distintos ritmos.<\/p>\n<p><strong><span style=\"color: #ff6600;\">Programaci\u00f3n<\/span><\/strong><\/p>\n<ul>\n<li>Lunes: Salsa y bachata<\/li>\n<li>Mi\u00e9rcoles: Folclore<\/li>\n<li>Jueves: Tango<\/li>\n<\/ul>\n<p>La iniciativa apunta a fortalecer la vida cultural del departamento y ofrecer alternativas recreativas en \u00e9poca de vacaciones. Este ciclo se consolid\u00f3 durante 2025 como un espacio de encuentro para familias, j\u00f3venes y adultos que buscan disfrutar de la m\u00fasica, la cultura y las danzas.<\/p>\n<p><img loading=\"lazy\" decoding=\"async\" class=\"alignnone size-full wp-image-66896\" src=\"https:\/\/vocesparalelas.com.ar\/sitio\/wp-content\/uploads\/2023\/12\/RIVADAVIA-LOGO-NUEVO.jpg\" alt=\"\" width=\"800\" height=\"533\" srcset=\"https:\/\/vocesparalelas.com.ar\/sitio\/wp-content\/uploads\/2023\/12\/RIVADAVIA-LOGO-NUEVO.jpg 800w, https:\/\/vocesparalelas.com.ar\/sitio\/wp-content\/uploads\/2023\/12\/RIVADAVIA-LOGO-NUEVO-300x200.jpg 300w, https:\/\/vocesparalelas.com.ar\/sitio\/wp-content\/uploads\/2023\/12\/RIVADAVIA-LOGO-NUEVO-768x512.jpg 768w\" sizes=\"auto, (max-width: 800px) 100vw, 800px\" \/><\/p>\n<p>&nbsp;<\/p>\n","protected":false},"excerpt":{"rendered":"<p>Durante la temporada de verano, la Municipalidad de la Ciudad de Rivadavia contin\u00faa con su programa \u201cCultura en Conexi\u00f3n\u201d, un<\/p>\n","protected":false},"author":3,"featured_media":15197,"comment_status":"closed","ping_status":"closed","sticky":false,"template":"","format":"standard","meta":{"_acf_changed":false,"_seopress_robots_primary_cat":"none","_seopress_titles_title":"","_seopress_titles_desc":"","_seopress_robots_index":"","colormag_page_container_layout":"default_layout","colormag_page_sidebar_layout":"default_layout","footnotes":""},"categories":[9],"tags":[],"class_list":["post-95919","post","type-post","status-publish","format-standard","has-post-thumbnail","hentry","category-cursos"],"acf":[],"_links":{"self":[{"href":"https:\/\/vocesparalelas.com.ar\/sitio\/wp-json\/wp\/v2\/posts\/95919","targetHints":{"allow":["GET"]}}],"collection":[{"href":"https:\/\/vocesparalelas.com.ar\/sitio\/wp-json\/wp\/v2\/posts"}],"about":[{"href":"https:\/\/vocesparalelas.com.ar\/sitio\/wp-json\/wp\/v2\/types\/post"}],"author":[{"embeddable":true,"href":"https:\/\/vocesparalelas.com.ar\/sitio\/wp-json\/wp\/v2\/users\/3"}],"replies":[{"embeddable":true,"href":"https:\/\/vocesparalelas.com.ar\/sitio\/wp-json\/wp\/v2\/comments?post=95919"}],"version-history":[{"count":1,"href":"https:\/\/vocesparalelas.com.ar\/sitio\/wp-json\/wp\/v2\/posts\/95919\/revisions"}],"predecessor-version":[{"id":95922,"href":"https:\/\/vocesparalelas.com.ar\/sitio\/wp-json\/wp\/v2\/posts\/95919\/revisions\/95922"}],"wp:featuredmedia":[{"embeddable":true,"href":"https:\/\/vocesparalelas.com.ar\/sitio\/wp-json\/wp\/v2\/media\/15197"}],"wp:attachment":[{"href":"https:\/\/vocesparalelas.com.ar\/sitio\/wp-json\/wp\/v2\/media?parent=95919"}],"wp:term":[{"taxonomy":"category","embeddable":true,"href":"https:\/\/vocesparalelas.com.ar\/sitio\/wp-json\/wp\/v2\/categories?post=95919"},{"taxonomy":"post_tag","embeddable":true,"href":"https:\/\/vocesparalelas.com.ar\/sitio\/wp-json\/wp\/v2\/tags?post=95919"}],"curies":[{"name":"wp","href":"https:\/\/api.w.org\/{rel}","templated":true}]}}