{"id":95913,"date":"2026-01-19T12:06:54","date_gmt":"2026-01-19T15:06:54","guid":{"rendered":"https:\/\/vocesparalelas.com.ar\/sitio\/?p=95913"},"modified":"2026-01-20T20:10:26","modified_gmt":"2026-01-20T23:10:26","slug":"trabajo-tecnico-de-la-policia-cientifica-de-san-juan","status":"publish","type":"post","link":"https:\/\/vocesparalelas.com.ar\/sitio\/trabajo-tecnico-de-la-policia-cientifica-de-san-juan\/","title":{"rendered":"Trabajo t\u00e9cnico de la Polic\u00eda Cient\u00edfica de San Juan"},"content":{"rendered":"<p>El Departamento de Polic\u00eda Cient\u00edfica, dependiente de la Direcci\u00f3n D5 de la Polic\u00eda de San Juan, cumple un rol clave en las investigaciones judiciales al intervenir en hechos delictivos, accidentes y situaciones complejas que requieren an\u00e1lisis t\u00e9cnico y cient\u00edfico. Desde la Central de Polic\u00eda y con alcance provincial, este equipo act\u00faa a requerimiento del Ministerio P\u00fablico Fiscal, aportando pruebas fundamentales para el esclarecimiento de los casos.<\/p>\n<p>Hasta el 6 de agosto de 2024 funcion\u00f3 como Divisi\u00f3n Criminal\u00edstica, fecha en la que elev\u00f3 su rango institucional y pas\u00f3 a denominarse Departamento de Polic\u00eda Cient\u00edfica. Actualmente est\u00e1 conformado por cinco divisiones y una secci\u00f3n operativa, todas con sede en la Central de Polic\u00eda, excepto la Secci\u00f3n Criminal\u00edstica Norte, que tiene asiento en J\u00e1chal y act\u00faa tambi\u00e9n en el departamento Iglesia.<\/p>\n<p>El Departamento cuenta con 115 efectivos especializados, entre ellos tres bioqu\u00edmicos y seis m\u00e9dicos, adem\u00e1s de cinco movilidades destinadas a cubrir las distintas intervenciones que se realizan en el territorio. La estructura incluye las divisiones de Fotograf\u00eda y Planimetr\u00eda, Laboratorio Qu\u00edmico Toxicol\u00f3gico, Medicina Legal, Rastros y Bal\u00edstica, cada una con funciones espec\u00edficas dentro del proceso investigativo.<\/p>\n<p>La Divisi\u00f3n Bal\u00edstica se encarga de pericias en armas de fuego, armas de fabricaci\u00f3n casera y todo tipo de proyectiles, aportando informes t\u00e9cnicos clave para las causas judiciales. Por su parte, Medicina Legal est\u00e1 integrada por m\u00e9dicos legistas que examinan personas detenidas, damnificados, accidentados y tambi\u00e9n concurren a los lugares de hecho cuando hay personas fallecidas.<\/p>\n<p>Desde la Divisi\u00f3n Laboratorio Qu\u00edmico Toxicol\u00f3gico se toman muestras de sangre y orina, principalmente en hechos viales o a solicitud de fiscales, para determinar la presencia de sustancias t\u00f3xicas. Adem\u00e1s, se realizan estudios de absorci\u00f3n at\u00f3mica para detectar restos de p\u00f3lvora y se levantan muestras biol\u00f3gicas en hechos violentos, que pueden ser utilizadas posteriormente en an\u00e1lisis de ADN.<\/p>\n<p>La Divisi\u00f3n Fotograf\u00eda y Planimetr\u00eda est\u00e1 a cargo de documentar visualmente las escenas y confeccionar los planos de los lugares donde ocurrieron los hechos, siendo una de las \u00e1reas con mayor demanda operativa. En tanto, la Divisi\u00f3n Rastros interviene en el levantamiento de huellas digitales, huellas de calzado y rastros de rodados, elementos que permiten identificar personas o vincularlas con el lugar del hecho.<\/p>\n<p>La Secci\u00f3n Criminal\u00edstica Norte act\u00faa en todos los hechos que se producen en J\u00e1chal e Iglesia, a requerimiento de la UFI del Norte. All\u00ed se cuenta con peritos bal\u00edsticos, especialistas en rastros, fot\u00f3grafos y planistas, garantizando una respuesta t\u00e9cnica integral tambi\u00e9n en los departamentos del norte provincial.<\/p>\n<p>El trabajo del Departamento de Polic\u00eda Cient\u00edfica es importante dentro del sistema de seguridad y justicia, ya que transforma indicios en pruebas concretas. Su labor contribuye a que las investigaciones avancen con rigor y respaldo cient\u00edfico.<\/p>\n<p>&nbsp;<\/p>\n<p><img loading=\"lazy\" decoding=\"async\" class=\"alignnone size-full wp-image-95917\" src=\"https:\/\/vocesparalelas.com.ar\/sitio\/wp-content\/uploads\/2026\/01\/SEURIDA-LEAL-02.jpg\" alt=\"\" width=\"800\" height=\"450\" srcset=\"https:\/\/vocesparalelas.com.ar\/sitio\/wp-content\/uploads\/2026\/01\/SEURIDA-LEAL-02.jpg 800w, https:\/\/vocesparalelas.com.ar\/sitio\/wp-content\/uploads\/2026\/01\/SEURIDA-LEAL-02-300x169.jpg 300w, https:\/\/vocesparalelas.com.ar\/sitio\/wp-content\/uploads\/2026\/01\/SEURIDA-LEAL-02-768x432.jpg 768w\" sizes=\"auto, (max-width: 800px) 100vw, 800px\" \/><\/p>\n","protected":false},"excerpt":{"rendered":"<p>El Departamento de Polic\u00eda Cient\u00edfica, dependiente de la Direcci\u00f3n D5 de la Polic\u00eda de San Juan, cumple un rol clave<\/p>\n","protected":false},"author":3,"featured_media":95916,"comment_status":"closed","ping_status":"closed","sticky":false,"template":"","format":"standard","meta":{"_acf_changed":false,"_seopress_robots_primary_cat":"none","_seopress_titles_title":"","_seopress_titles_desc":"","_seopress_robots_index":"","colormag_page_container_layout":"default_layout","colormag_page_sidebar_layout":"default_layout","footnotes":""},"categories":[15],"tags":[],"class_list":["post-95913","post","type-post","status-publish","format-standard","has-post-thumbnail","hentry","category-posgrados"],"acf":[],"_links":{"self":[{"href":"https:\/\/vocesparalelas.com.ar\/sitio\/wp-json\/wp\/v2\/posts\/95913","targetHints":{"allow":["GET"]}}],"collection":[{"href":"https:\/\/vocesparalelas.com.ar\/sitio\/wp-json\/wp\/v2\/posts"}],"about":[{"href":"https:\/\/vocesparalelas.com.ar\/sitio\/wp-json\/wp\/v2\/types\/post"}],"author":[{"embeddable":true,"href":"https:\/\/vocesparalelas.com.ar\/sitio\/wp-json\/wp\/v2\/users\/3"}],"replies":[{"embeddable":true,"href":"https:\/\/vocesparalelas.com.ar\/sitio\/wp-json\/wp\/v2\/comments?post=95913"}],"version-history":[{"count":1,"href":"https:\/\/vocesparalelas.com.ar\/sitio\/wp-json\/wp\/v2\/posts\/95913\/revisions"}],"predecessor-version":[{"id":95918,"href":"https:\/\/vocesparalelas.com.ar\/sitio\/wp-json\/wp\/v2\/posts\/95913\/revisions\/95918"}],"wp:featuredmedia":[{"embeddable":true,"href":"https:\/\/vocesparalelas.com.ar\/sitio\/wp-json\/wp\/v2\/media\/95916"}],"wp:attachment":[{"href":"https:\/\/vocesparalelas.com.ar\/sitio\/wp-json\/wp\/v2\/media?parent=95913"}],"wp:term":[{"taxonomy":"category","embeddable":true,"href":"https:\/\/vocesparalelas.com.ar\/sitio\/wp-json\/wp\/v2\/categories?post=95913"},{"taxonomy":"post_tag","embeddable":true,"href":"https:\/\/vocesparalelas.com.ar\/sitio\/wp-json\/wp\/v2\/tags?post=95913"}],"curies":[{"name":"wp","href":"https:\/\/api.w.org\/{rel}","templated":true}]}}