{"id":95875,"date":"2026-01-16T20:02:03","date_gmt":"2026-01-16T23:02:03","guid":{"rendered":"https:\/\/vocesparalelas.com.ar\/sitio\/?p=95875"},"modified":"2026-01-16T20:16:31","modified_gmt":"2026-01-16T23:16:31","slug":"colonia-de-verano-2026-en-san-juan","status":"publish","type":"post","link":"https:\/\/vocesparalelas.com.ar\/sitio\/colonia-de-verano-2026-en-san-juan\/","title":{"rendered":"Colonia de Verano 2026 en San Juan"},"content":{"rendered":"<p>El gobernador de San Juan, Dr. Marcelo Orrego visit\u00f3 una de las colonias de verano que se desarrollan en el departamento Rawson, donde comparti\u00f3 la jornada con ni\u00f1os, j\u00f3venes y adultos que participan de las actividades recreativas. Estuvo acompa\u00f1ado por el ministro de Familia y Desarrollo Humano, Carlos Platero, y el intendente de Rawson, Dr. Carlos Munisaga.<\/p>\n<p>Durante el recorrido por el Camping del Sindicato Empleados de Comercio, las autoridades observaron el trabajo que se realiza en el predio y dialogaron con coordinadores y participantes, poniendo en valor el alcance social del programa, que se consolida como un espacio de inclusi\u00f3n, contenci\u00f3n y recreaci\u00f3n durante el receso estival.<\/p>\n<p>En este contexto, el gobernador Dr. Marcelo Orrego destasc\u00f3 que \u201ceste tipo de pol\u00edticas son muy importantes porque permiten que m\u00e1s de 25 mil personas en San Juan disfruten de las colonias de verano. En Rawson, m\u00e1s de 350 chicos y 200 adultos mayores comparten un espacio de recreaci\u00f3n, educaci\u00f3n e inclusi\u00f3n, con especial atenci\u00f3n a la nutrici\u00f3n y a las personas con discapacidad. Vamos a seguir impulsando estas pol\u00edticas porque fortalecen a nuestra sociedad\u201d.<\/p>\n<p>Las colonias de verano se extender\u00e1n hasta el 30 de enero, con jornadas que se desarrollan de martes a viernes, de 8 a 13 horas. Las actividades se llevan adelante en clubes, campings, escuelas, polideportivos, centros integradores comunitarios (CIC), uniones vecinales y predios municipales de toda la provincia.<\/p>\n<p>Se estima que m\u00e1s de 25 mil personas participan de esta edici\u00f3n, que tiene como eje la importancia de la energ\u00eda solar para la vida de los sanjuaninos. En ese marco, se impulsan propuestas vinculadas al uso de la tecnolog\u00eda, el reciclado y la creatividad, con la construcci\u00f3n de objetos que funcionan con energ\u00edas alternativas, que luego ser\u00e1n expuestos. Tambi\u00e9n se incorporan juegos y din\u00e1micas relacionadas con esta tem\u00e1tica.<\/p>\n<p>El programa es ejecutado por la Direcci\u00f3n de Emergencia y Pol\u00edticas Alimentarias y fue planificado con varios meses de anticipaci\u00f3n. En noviembre del a\u00f1o pasado se realizaron capacitaciones para m\u00e1s de 2.000 coordinadores, profesores y monitores, entre ellos 30 personas con discapacidad, lo que permiti\u00f3 duplicar el cupo laboral en relaci\u00f3n con la edici\u00f3n 2025.<\/p>\n<p>Asimismo, se firmaron convenios con las 19 Municipalidades de San Juan, que tienen a su cargo las inscripciones, la asignaci\u00f3n de los predios habilitados, la sugerencia del personal que trabaja en cada sede y, en muchos casos, la organizaci\u00f3n de las movilidades que trasladan a los asistentes desde distintos puntos de cada departamento.<\/p>\n<p>Las Colonias de Verano promueven la igualdad de oportunidades y el acceso a espacios l\u00fadicos y recreativos, al tiempo que garantizan la continuidad del aporte nutricional diario mediante la provisi\u00f3n de desayuno y almuerzo, reforzando h\u00e1bitos saludables.<\/p>\n<p>El abordaje interministerial incluye acciones del Ministerio de Salud, como promoci\u00f3n de la salud bucal, vacunatorio solar y talleres de RCP. Adem\u00e1s, se desarrollan actividades con bomberos y canes, talleres sobre sismos y emergencias, y presentaciones de artistas itinerantes, entre otras propuestas.<\/p>\n<p>&nbsp;<\/p>\n<p><iframe loading=\"lazy\" title=\"Orrego visit\u00f3 una colonia de verano en Rawson y destac\u00f3 el valor social del programa\" width=\"800\" height=\"450\" src=\"https:\/\/www.youtube.com\/embed\/6N2CAveRD3c?feature=oembed\" frameborder=\"0\" allow=\"accelerometer; autoplay; clipboard-write; encrypted-media; gyroscope; picture-in-picture; web-share\" referrerpolicy=\"strict-origin-when-cross-origin\" allowfullscreen><\/iframe><\/p>\n","protected":false},"excerpt":{"rendered":"<p>El gobernador de San Juan, Dr. Marcelo Orrego visit\u00f3 una de las colonias de verano que se desarrollan en el<\/p>\n","protected":false},"author":3,"featured_media":95878,"comment_status":"closed","ping_status":"closed","sticky":false,"template":"","format":"standard","meta":{"_acf_changed":false,"_seopress_robots_primary_cat":"none","_seopress_titles_title":"","_seopress_titles_desc":"","_seopress_robots_index":"","colormag_page_container_layout":"default_layout","colormag_page_sidebar_layout":"default_layout","footnotes":""},"categories":[1,7],"tags":[],"class_list":["post-95875","post","type-post","status-publish","format-standard","has-post-thumbnail","hentry","category-destacadas","category-videos"],"acf":[],"_links":{"self":[{"href":"https:\/\/vocesparalelas.com.ar\/sitio\/wp-json\/wp\/v2\/posts\/95875","targetHints":{"allow":["GET"]}}],"collection":[{"href":"https:\/\/vocesparalelas.com.ar\/sitio\/wp-json\/wp\/v2\/posts"}],"about":[{"href":"https:\/\/vocesparalelas.com.ar\/sitio\/wp-json\/wp\/v2\/types\/post"}],"author":[{"embeddable":true,"href":"https:\/\/vocesparalelas.com.ar\/sitio\/wp-json\/wp\/v2\/users\/3"}],"replies":[{"embeddable":true,"href":"https:\/\/vocesparalelas.com.ar\/sitio\/wp-json\/wp\/v2\/comments?post=95875"}],"version-history":[{"count":1,"href":"https:\/\/vocesparalelas.com.ar\/sitio\/wp-json\/wp\/v2\/posts\/95875\/revisions"}],"predecessor-version":[{"id":95879,"href":"https:\/\/vocesparalelas.com.ar\/sitio\/wp-json\/wp\/v2\/posts\/95875\/revisions\/95879"}],"wp:featuredmedia":[{"embeddable":true,"href":"https:\/\/vocesparalelas.com.ar\/sitio\/wp-json\/wp\/v2\/media\/95878"}],"wp:attachment":[{"href":"https:\/\/vocesparalelas.com.ar\/sitio\/wp-json\/wp\/v2\/media?parent=95875"}],"wp:term":[{"taxonomy":"category","embeddable":true,"href":"https:\/\/vocesparalelas.com.ar\/sitio\/wp-json\/wp\/v2\/categories?post=95875"},{"taxonomy":"post_tag","embeddable":true,"href":"https:\/\/vocesparalelas.com.ar\/sitio\/wp-json\/wp\/v2\/tags?post=95875"}],"curies":[{"name":"wp","href":"https:\/\/api.w.org\/{rel}","templated":true}]}}