{"id":95853,"date":"2026-01-15T23:02:57","date_gmt":"2026-01-16T02:02:57","guid":{"rendered":"https:\/\/vocesparalelas.com.ar\/sitio\/?p=95853"},"modified":"2026-01-19T00:07:16","modified_gmt":"2026-01-19T03:07:16","slug":"emotiva-memoria-a-las-victimas-del-terremoto-1944-en-san-juan","status":"publish","type":"post","link":"https:\/\/vocesparalelas.com.ar\/sitio\/emotiva-memoria-a-las-victimas-del-terremoto-1944-en-san-juan\/","title":{"rendered":"Emotiva memoria a las v\u00edctimas del Terremoto 1944 en San Juan"},"content":{"rendered":"<p>Frente al monumento \u00abLlama Votiva\u00bb, Paula Albarrac\u00edn de Sarmiento y Libertador Gral. San Martin, Departamento Capital, el gobernador de San Juan, Dr. Marcelo Orrego junto ministro del Interior, CPN Diego Santilli y entre otrsos participantes presidieron la Emotiva memoria a las v\u00edctimas del Terremoto 1944 en San Juan en su 82\u00b0 a\u00f1os que se cumple el 15 de Enero.<\/p>\n<p><img loading=\"lazy\" decoding=\"async\" class=\"alignnone size-full wp-image-95860\" src=\"https:\/\/vocesparalelas.com.ar\/sitio\/wp-content\/uploads\/2026\/01\/LLAMA-VOTIVA-2026-01.jpg\" alt=\"\" width=\"800\" height=\"533\" srcset=\"https:\/\/vocesparalelas.com.ar\/sitio\/wp-content\/uploads\/2026\/01\/LLAMA-VOTIVA-2026-01.jpg 800w, https:\/\/vocesparalelas.com.ar\/sitio\/wp-content\/uploads\/2026\/01\/LLAMA-VOTIVA-2026-01-300x200.jpg 300w, https:\/\/vocesparalelas.com.ar\/sitio\/wp-content\/uploads\/2026\/01\/LLAMA-VOTIVA-2026-01-768x512.jpg 768w\" sizes=\"auto, (max-width: 800px) 100vw, 800px\" \/><\/p>\n<p>El acto comenz\u00f3 con la Bendici\u00f3n del Sacerdote Adolfo Calivar, quien resalt\u00f3 aquellas v\u00edctimas que transform\u00f3 la vida de la poblaci\u00f3n despu\u00e9s del Terremoto 1944 en San Juan.<\/p>\n<p><iframe loading=\"lazy\" title=\"SAN JUN BENDICI\u00d3N SACERDOTE CALIVAR\" width=\"800\" height=\"450\" src=\"https:\/\/www.youtube.com\/embed\/YiusGZfpD8U?feature=oembed\" frameborder=\"0\" allow=\"accelerometer; autoplay; clipboard-write; encrypted-media; gyroscope; picture-in-picture; web-share\" referrerpolicy=\"strict-origin-when-cross-origin\" allowfullscreen><\/iframe><\/p>\n<p>Posteriormente, fue el encendido de la \u00abLlama Votiva\u00bb, el minuto de silencio, la colocaci\u00f3n de la colocaci\u00f3n de la corona de flores en honor de aquellos que perdieron su vida frente a una ciudad destruida y punto inicial de la reconstrucci\u00f3n de San Juan.<\/p>\n<p><iframe loading=\"lazy\" title=\"SAN JUAN TERREMOTO 1944\" width=\"800\" height=\"450\" src=\"https:\/\/www.youtube.com\/embed\/su-T2u8W2P8?feature=oembed\" frameborder=\"0\" allow=\"accelerometer; autoplay; clipboard-write; encrypted-media; gyroscope; picture-in-picture; web-share\" referrerpolicy=\"strict-origin-when-cross-origin\" allowfullscreen><\/iframe><\/p>\n<p>Lleg\u00f3, el momento de los discursos en primera instancia del gobernador de San Juan, Dr. Marcelo Orrego, quien explic\u00f3 lo que signific\u00f3 esta cat\u00e1strofe para la ciudad de San Juan donde arras\u00f3 con las vidas de una poblaci\u00f3n tranquila-<\/p>\n<p><iframe loading=\"lazy\" title=\"SAN JUAN GOBERNADOR  DR MARCELO ORREGO \" width=\"800\" height=\"450\" src=\"https:\/\/www.youtube.com\/embed\/hAfWX4pRwVI?feature=oembed\" frameborder=\"0\" allow=\"accelerometer; autoplay; clipboard-write; encrypted-media; gyroscope; picture-in-picture; web-share\" referrerpolicy=\"strict-origin-when-cross-origin\" allowfullscreen><\/iframe><\/p>\n<p>A continuaci\u00f3n, el ministro del Interior, CPN Diego Santilli agradeci\u00f3 por la invitaci\u00f3n a tan sentir de San Juan\u00a0 .<\/p>\n<p><iframe loading=\"lazy\" title=\"SAN JUAN MINISTRO CPN DIEGO SANTILLI \" width=\"800\" height=\"450\" src=\"https:\/\/www.youtube.com\/embed\/GDQkapePe-g?feature=oembed\" frameborder=\"0\" allow=\"accelerometer; autoplay; clipboard-write; encrypted-media; gyroscope; picture-in-picture; web-share\" referrerpolicy=\"strict-origin-when-cross-origin\" allowfullscreen><\/iframe><\/p>\n<p><img loading=\"lazy\" decoding=\"async\" class=\"alignnone size-full wp-image-95858\" src=\"https:\/\/vocesparalelas.com.ar\/sitio\/wp-content\/uploads\/2026\/01\/LLAMA-VOTIVA-2026.jpg\" alt=\"\" width=\"800\" height=\"515\" srcset=\"https:\/\/vocesparalelas.com.ar\/sitio\/wp-content\/uploads\/2026\/01\/LLAMA-VOTIVA-2026.jpg 800w, https:\/\/vocesparalelas.com.ar\/sitio\/wp-content\/uploads\/2026\/01\/LLAMA-VOTIVA-2026-300x193.jpg 300w, https:\/\/vocesparalelas.com.ar\/sitio\/wp-content\/uploads\/2026\/01\/LLAMA-VOTIVA-2026-768x494.jpg 768w\" sizes=\"auto, (max-width: 800px) 100vw, 800px\" \/><\/p>\n<p>&nbsp;<\/p>\n<p>&nbsp;<\/p>\n<p><iframe loading=\"lazy\" title=\"SAN JUAN LLAMA VOTIVA TERREMOTO 1944\" width=\"800\" height=\"450\" src=\"https:\/\/www.youtube.com\/embed\/hHe_GQjXnA4?feature=oembed\" frameborder=\"0\" allow=\"accelerometer; autoplay; clipboard-write; encrypted-media; gyroscope; picture-in-picture; web-share\" referrerpolicy=\"strict-origin-when-cross-origin\" allowfullscreen><\/iframe><\/p>\n<p>&nbsp;<\/p>\n<p>&nbsp;<\/p>\n<p>&nbsp;<\/p>\n","protected":false},"excerpt":{"rendered":"<p>Frente al monumento \u00abLlama Votiva\u00bb, Paula Albarrac\u00edn de Sarmiento y Libertador Gral. San Martin, Departamento Capital, el gobernador de San<\/p>\n","protected":false},"author":3,"featured_media":95859,"comment_status":"closed","ping_status":"closed","sticky":false,"template":"","format":"standard","meta":{"_acf_changed":false,"_seopress_robots_primary_cat":"none","_seopress_titles_title":"","_seopress_titles_desc":"","_seopress_robots_index":"","colormag_page_container_layout":"default_layout","colormag_page_sidebar_layout":"default_layout","footnotes":""},"categories":[10,7],"tags":[],"class_list":["post-95853","post","type-post","status-publish","format-standard","has-post-thumbnail","hentry","category-opiniones","category-videos"],"acf":[],"_links":{"self":[{"href":"https:\/\/vocesparalelas.com.ar\/sitio\/wp-json\/wp\/v2\/posts\/95853","targetHints":{"allow":["GET"]}}],"collection":[{"href":"https:\/\/vocesparalelas.com.ar\/sitio\/wp-json\/wp\/v2\/posts"}],"about":[{"href":"https:\/\/vocesparalelas.com.ar\/sitio\/wp-json\/wp\/v2\/types\/post"}],"author":[{"embeddable":true,"href":"https:\/\/vocesparalelas.com.ar\/sitio\/wp-json\/wp\/v2\/users\/3"}],"replies":[{"embeddable":true,"href":"https:\/\/vocesparalelas.com.ar\/sitio\/wp-json\/wp\/v2\/comments?post=95853"}],"version-history":[{"count":1,"href":"https:\/\/vocesparalelas.com.ar\/sitio\/wp-json\/wp\/v2\/posts\/95853\/revisions"}],"predecessor-version":[{"id":95861,"href":"https:\/\/vocesparalelas.com.ar\/sitio\/wp-json\/wp\/v2\/posts\/95853\/revisions\/95861"}],"wp:featuredmedia":[{"embeddable":true,"href":"https:\/\/vocesparalelas.com.ar\/sitio\/wp-json\/wp\/v2\/media\/95859"}],"wp:attachment":[{"href":"https:\/\/vocesparalelas.com.ar\/sitio\/wp-json\/wp\/v2\/media?parent=95853"}],"wp:term":[{"taxonomy":"category","embeddable":true,"href":"https:\/\/vocesparalelas.com.ar\/sitio\/wp-json\/wp\/v2\/categories?post=95853"},{"taxonomy":"post_tag","embeddable":true,"href":"https:\/\/vocesparalelas.com.ar\/sitio\/wp-json\/wp\/v2\/tags?post=95853"}],"curies":[{"name":"wp","href":"https:\/\/api.w.org\/{rel}","templated":true}]}}