{"id":95847,"date":"2026-01-16T00:07:19","date_gmt":"2026-01-16T03:07:19","guid":{"rendered":"https:\/\/vocesparalelas.com.ar\/sitio\/?p=95847"},"modified":"2026-01-20T00:19:11","modified_gmt":"2026-01-20T03:19:11","slug":"declaraciones-del-gobernador-de-san-juan-dr-marcelo-orrego-y-del-ministro-del-interior-cpn-diego-santilli","status":"publish","type":"post","link":"https:\/\/vocesparalelas.com.ar\/sitio\/declaraciones-del-gobernador-de-san-juan-dr-marcelo-orrego-y-del-ministro-del-interior-cpn-diego-santilli\/","title":{"rendered":"Declaraciones del Gobernador de San Juan, Dr. Marcelo Orrego y del Ministro del Interior, CPN Diego Santilli"},"content":{"rendered":"<p>El Ministro del Interior de la Rep\u00fablica Argentina, CPN Diego Santilli lleg\u00f3 a San Juan para reunirse con el\u00a0 Gobernador, Dr. Marcelo Orrego y su equipo de trabajo en Casa de Gobierno.<\/p>\n<p>Finalizada, el encuentro se trasladaron al Homenaje a los ca\u00eddos en el Terremoto 1944 que la ciudad qued\u00f3 destruida frente al monumento que contiene la Llama Votiva, Paula Albarrac\u00edn de Sarmiento y Libertador Gral. San Martin, Departamento Capital.<\/p>\n<p>En la previa, los dos funcionario realizaron declaraciones respondiendo preguntas de los Periodistas San Juan.<\/p>\n<p><iframe loading=\"lazy\" title=\"SAN JUAN CPN DIEGO SANTLLI Y DR MARCELO ORREGO\" width=\"800\" height=\"450\" src=\"https:\/\/www.youtube.com\/embed\/b4xTZfUL-LM?feature=oembed\" frameborder=\"0\" allow=\"accelerometer; autoplay; clipboard-write; encrypted-media; gyroscope; picture-in-picture; web-share\" referrerpolicy=\"strict-origin-when-cross-origin\" allowfullscreen><\/iframe><\/p>\n<p>&nbsp;<\/p>\n<p><img loading=\"lazy\" decoding=\"async\" class=\"alignnone size-full wp-image-81619\" src=\"https:\/\/vocesparalelas.com.ar\/sitio\/wp-content\/uploads\/2025\/01\/LLAMA-VOTIVA-01.jpg\" alt=\"\" width=\"800\" height=\"450\" srcset=\"https:\/\/vocesparalelas.com.ar\/sitio\/wp-content\/uploads\/2025\/01\/LLAMA-VOTIVA-01.jpg 800w, https:\/\/vocesparalelas.com.ar\/sitio\/wp-content\/uploads\/2025\/01\/LLAMA-VOTIVA-01-300x169.jpg 300w, https:\/\/vocesparalelas.com.ar\/sitio\/wp-content\/uploads\/2025\/01\/LLAMA-VOTIVA-01-768x432.jpg 768w\" sizes=\"auto, (max-width: 800px) 100vw, 800px\" \/><\/p>\n","protected":false},"excerpt":{"rendered":"<p>El Ministro del Interior de la Rep\u00fablica Argentina, CPN Diego Santilli lleg\u00f3 a San Juan para reunirse con el\u00a0 Gobernador,<\/p>\n","protected":false},"author":3,"featured_media":95851,"comment_status":"closed","ping_status":"closed","sticky":false,"template":"","format":"standard","meta":{"_acf_changed":false,"_seopress_robots_primary_cat":"none","_seopress_titles_title":"","_seopress_titles_desc":"","_seopress_robots_index":"","colormag_page_container_layout":"default_layout","colormag_page_sidebar_layout":"default_layout","footnotes":""},"categories":[10,7],"tags":[],"class_list":["post-95847","post","type-post","status-publish","format-standard","has-post-thumbnail","hentry","category-opiniones","category-videos"],"acf":[],"_links":{"self":[{"href":"https:\/\/vocesparalelas.com.ar\/sitio\/wp-json\/wp\/v2\/posts\/95847","targetHints":{"allow":["GET"]}}],"collection":[{"href":"https:\/\/vocesparalelas.com.ar\/sitio\/wp-json\/wp\/v2\/posts"}],"about":[{"href":"https:\/\/vocesparalelas.com.ar\/sitio\/wp-json\/wp\/v2\/types\/post"}],"author":[{"embeddable":true,"href":"https:\/\/vocesparalelas.com.ar\/sitio\/wp-json\/wp\/v2\/users\/3"}],"replies":[{"embeddable":true,"href":"https:\/\/vocesparalelas.com.ar\/sitio\/wp-json\/wp\/v2\/comments?post=95847"}],"version-history":[{"count":3,"href":"https:\/\/vocesparalelas.com.ar\/sitio\/wp-json\/wp\/v2\/posts\/95847\/revisions"}],"predecessor-version":[{"id":95857,"href":"https:\/\/vocesparalelas.com.ar\/sitio\/wp-json\/wp\/v2\/posts\/95847\/revisions\/95857"}],"wp:featuredmedia":[{"embeddable":true,"href":"https:\/\/vocesparalelas.com.ar\/sitio\/wp-json\/wp\/v2\/media\/95851"}],"wp:attachment":[{"href":"https:\/\/vocesparalelas.com.ar\/sitio\/wp-json\/wp\/v2\/media?parent=95847"}],"wp:term":[{"taxonomy":"category","embeddable":true,"href":"https:\/\/vocesparalelas.com.ar\/sitio\/wp-json\/wp\/v2\/categories?post=95847"},{"taxonomy":"post_tag","embeddable":true,"href":"https:\/\/vocesparalelas.com.ar\/sitio\/wp-json\/wp\/v2\/tags?post=95847"}],"curies":[{"name":"wp","href":"https:\/\/api.w.org\/{rel}","templated":true}]}}