{"id":95830,"date":"2026-01-15T13:48:11","date_gmt":"2026-01-15T16:48:11","guid":{"rendered":"https:\/\/vocesparalelas.com.ar\/sitio\/?p=95830"},"modified":"2026-01-17T14:12:00","modified_gmt":"2026-01-17T17:12:00","slug":"un-homenaje-a-los-caidos-en-el-terremoto-de-1944-en-san-juan","status":"publish","type":"post","link":"https:\/\/vocesparalelas.com.ar\/sitio\/un-homenaje-a-los-caidos-en-el-terremoto-de-1944-en-san-juan\/","title":{"rendered":"Un homenaje a los ca\u00eddos en el Terremoto de 1944\u00a0en San Juan"},"content":{"rendered":"<p>En el aniversario del Terremoto de 1944\u00a0 que marc\u00f3 un antes y un despu\u00e9s, el Ministerio de Gobierno pone en valor documentos del Archivo General que permiten leer, en clave hist\u00f3rica, c\u00f3mo se orden\u00f3 la respuesta: capacitaci\u00f3n en oficios, viviendas de emergencia y el nacimiento de una pol\u00edtica habitacional provincial.<\/p>\n<p>A 82 a\u00f1os del terremoto del 15 de enero de 1944, el Ministerio de Gobierno, a trav\u00e9s del Archivo General de la Provincia dependiente de la Secretar\u00eda de Relaciones Institucionales, recupera piezas normativas conservadas en el Archivo General que muestran c\u00f3mo, en plena poscat\u00e1strofe, la reconstrucci\u00f3n fue pensada como una ingenier\u00eda de Estado: formar mano de obra, atender la urgencia habitacional y proyectar, a largo plazo, viviendas m\u00e1s seguras.<\/p>\n<p><iframe loading=\"lazy\" title=\"SAN JUAN TERREMOTO 1944\" width=\"563\" height=\"1000\" src=\"https:\/\/www.youtube.com\/embed\/mzuiS2y76xQ?feature=oembed\" frameborder=\"0\" allow=\"accelerometer; autoplay; clipboard-write; encrypted-media; gyroscope; picture-in-picture; web-share\" referrerpolicy=\"strict-origin-when-cross-origin\" allowfullscreen><\/iframe><\/p>\n<p>Entre esos hitos aparece la Ley N\u00b0 965, que dispuso la creaci\u00f3n de una Escuela de Alba\u00f1iler\u00eda de curso acelerado. El texto orden\u00f3 \u201cCr\u00e9ase una Escuela de Alba\u00f1iler\u00eda de curso acelerado\u201d y defini\u00f3 su prop\u00f3sito con precisi\u00f3n: preparar a quienes necesitaban adquirir conocimientos \u201cgenerales, t\u00e9cnicos y pr\u00e1cticos\u201d y abrir el oficio a j\u00f3venes que buscaban una titulaci\u00f3n habilitante. La misma ley estableci\u00f3 que la reglamentaci\u00f3n deb\u00eda instrumentarse \u201cpor intermedio del Ministerio de Gobierno y Reconstrucci\u00f3n\u201d y fij\u00f3 un horizonte inmediato para su puesta en funcionamiento.<\/p>\n<div class=\"itemImageBlock\">\n<div class=\"clr\">A 82 a\u00f1os del terremoto del 15 de enero de 1944, el Ministerio de Gobierno, a trav\u00e9s del Archivo General de la Provincia dependiente de la Secretar\u00eda de Relaciones Institucionales, recupera piezas normativas conservadas en el Archivo General que muestran c\u00f3mo, en plena poscat\u00e1strofe, la reconstrucci\u00f3n fue pensada como una ingenier\u00eda de Estado: formar mano de obra, atender la urgencia habitacional y proyectar, a largo plazo, viviendas m\u00e1s seguras.<\/div>\n<div><img loading=\"lazy\" decoding=\"async\" class=\"alignnone size-large wp-image-18060\" src=\"https:\/\/vocesparalelas.com.ar\/sitio\/wp-content\/uploads\/2019\/01\/TERREMOTO-1944-SAN-JUAN-02-800x572.jpg\" alt=\"\" width=\"800\" height=\"572\" srcset=\"https:\/\/vocesparalelas.com.ar\/sitio\/wp-content\/uploads\/2019\/01\/TERREMOTO-1944-SAN-JUAN-02-800x572.jpg 800w, https:\/\/vocesparalelas.com.ar\/sitio\/wp-content\/uploads\/2019\/01\/TERREMOTO-1944-SAN-JUAN-02-300x215.jpg 300w, https:\/\/vocesparalelas.com.ar\/sitio\/wp-content\/uploads\/2019\/01\/TERREMOTO-1944-SAN-JUAN-02-768x549.jpg 768w, https:\/\/vocesparalelas.com.ar\/sitio\/wp-content\/uploads\/2019\/01\/TERREMOTO-1944-SAN-JUAN-02.jpg 1000w\" sizes=\"auto, (max-width: 800px) 100vw, 800px\" \/><\/div>\n<\/div>\n<div class=\"itemFullText\">\n<p>Entre esos hitos aparece la Ley N\u00b0 965, que dispuso la creaci\u00f3n de una Escuela de Alba\u00f1iler\u00eda de curso acelerado. El texto orden\u00f3 \u201cCr\u00e9ase una Escuela de Alba\u00f1iler\u00eda de curso acelerado\u201d y defini\u00f3 su prop\u00f3sito con precisi\u00f3n: preparar a quienes necesitaban adquirir conocimientos \u201cgenerales, t\u00e9cnicos y pr\u00e1cticos\u201d y abrir el oficio a j\u00f3venes que buscaban una titulaci\u00f3n habilitante. La misma ley estableci\u00f3 que la reglamentaci\u00f3n deb\u00eda instrumentarse \u201cpor intermedio del Ministerio de Gobierno y Reconstrucci\u00f3n\u201d y fij\u00f3 un horizonte inmediato para su puesta en funcionamiento.<\/p>\n<p>La norma no qued\u00f3 en declaraci\u00f3n. El Decreto N\u00b0 1684-R reglament\u00f3 la ley y organiz\u00f3 el andamiaje de la escuela: dependencia del Ministerio de Reconstrucci\u00f3n, designaci\u00f3n de autoridades y un sistema de certificaciones \u2014\u201cMedio Oficial\u201d, \u201cOficial Alba\u00f1il\u201d y \u201cAlba\u00f1il Especializado\u201d\u2014 que buscaba jerarquizar el aprendizaje. La letra del decreto dej\u00f3, adem\u00e1s, una definici\u00f3n elocuente del v\u00ednculo entre formaci\u00f3n y obra p\u00fablica: para la pr\u00e1ctica, los alumnos deb\u00edan intervenir en la construcci\u00f3n de viviendas, con referencia al Barrio Obrero y al financiamiento previsto por la Ley 965.<\/p>\n<p>En paralelo, el Decreto N\u00b0 1699-R registr\u00f3 una dimensi\u00f3n menos visible, pero decisiva: el reconocimiento del trabajo ya realizado en la emergencia. Con fecha 26 de octubre de 1946, el acto administrativo aludi\u00f3 a planillas complementarias y resolvi\u00f3 \u201cRecon\u00f3cese los servicios prestados\u201d por personal obrero y especializado que trabaj\u00f3 en la construcci\u00f3n y mejoramiento de viviendas de emergencia, con imputaci\u00f3n a los \u201cFondos colecta pro-damnificados sismo San Juan\u201d. All\u00ed, la reconstrucci\u00f3n aparece como una contabilidad moral: nadie deb\u00eda quedar fuera del registro cuando lo que estaba en juego era volver a habitar.<\/p>\n<p>En esa misma secuencia hist\u00f3rica se inscribe la Ley N\u00b0 1.777, que cre\u00f3 el Instituto Provincial de la Vivienda y le asign\u00f3 un objetivo integral: \u201cmejorar las condiciones higi\u00e9nicas, t\u00e9cnicas, de seguridad, econ\u00f3micas y sociales\u201d de la vivienda urbana y rural y reducir, de manera progresiva, la vivienda \u201cinadecuada, insalubre o peligrosa\u201d. La ley tambi\u00e9n ubic\u00f3 su funcionamiento bajo la \u00f3rbita del Poder Ejecutivo \u201cpor conducto del Ministerio de Obras P\u00fablicas, Riego y Reconstrucci\u00f3n\u201d y defini\u00f3 funciones que anticipan una pol\u00edtica moderna: planificaci\u00f3n de viviendas econ\u00f3micas y antis\u00edsmicas, administraci\u00f3n de fondos y est\u00edmulos a la construcci\u00f3n particular.<\/p>\n<p>Le\u00eddas en conjunto, Ley N\u00b0 965, Decreto N\u00b0 1684-R, Decreto N\u00b0 1699-R y Ley N\u00b0 1.777 componen una misma idea: despu\u00e9s del terremoto, no bastaba con reparar muros; hab\u00eda que reconstruir capacidades. La escuela formaba manos; los decretos ordenaban la urgencia y reconoc\u00edan a quienes sostuvieron la tarea; el Instituto Provincial de la Vivienda proyectaba la etapa siguiente, cuando la vivienda dejaba de ser respuesta inmediata para convertirse en pol\u00edtica p\u00fablica.<\/p>\n<figure id=\"attachment_34320\" aria-describedby=\"caption-attachment-34320\" style=\"width: 800px\" class=\"wp-caption alignnone\"><img loading=\"lazy\" decoding=\"async\" class=\"size-full wp-image-34320\" src=\"https:\/\/vocesparalelas.com.ar\/sitio\/wp-content\/uploads\/2021\/01\/TERREMOTO-MISA-01.jpg\" alt=\"\" width=\"800\" height=\"452\" srcset=\"https:\/\/vocesparalelas.com.ar\/sitio\/wp-content\/uploads\/2021\/01\/TERREMOTO-MISA-01.jpg 800w, https:\/\/vocesparalelas.com.ar\/sitio\/wp-content\/uploads\/2021\/01\/TERREMOTO-MISA-01-300x170.jpg 300w, https:\/\/vocesparalelas.com.ar\/sitio\/wp-content\/uploads\/2021\/01\/TERREMOTO-MISA-01-768x434.jpg 768w\" sizes=\"auto, (max-width: 800px) 100vw, 800px\" \/><figcaption id=\"caption-attachment-34320\" class=\"wp-caption-text\">Cenizas de v\u00edctimas del Terremoto de 1944 en San Juan<\/figcaption><\/figure>\n<\/div>\n<p><iframe loading=\"lazy\" title=\"SAN JUAN LLAMA VOTIVA TERREMOTO 1944\" width=\"800\" height=\"450\" src=\"https:\/\/www.youtube.com\/embed\/hHe_GQjXnA4?feature=oembed\" frameborder=\"0\" allow=\"accelerometer; autoplay; clipboard-write; encrypted-media; gyroscope; picture-in-picture; web-share\" referrerpolicy=\"strict-origin-when-cross-origin\" allowfullscreen><\/iframe><\/p>\n<div class=\"itemFullText\">\n<p>&nbsp;<\/p>\n<p><strong><span style=\"color: #ff6600;\">Fuente<\/span><\/strong><\/p>\n<ul>\n<li>Ley N\u00b0 965-1946 sobre Creaci\u00f3n Escuela de Alba\u00f1ileria. Fondo Leyes y Decretos de C\u00e1mara de Diputados. Tomo 23. A\u00f1o 1946. Folio 75-76. Departamento Archivo Hist\u00f3rico.<\/li>\n<li>Dec N\u00b0 1684-R-1946 Reglamentacion de la Ley N\u00b0 965-1946. Fondo Leyes y Decretos de C\u00e1mara de Diputados. Tomo 23. A\u00f1o 1946. Folio 77. Departamento Archivo Hist\u00f3rico.<\/li>\n<li>Dec N\u00b0 1699-R-1946 Se reconoce servicio prestado por personas y obrero en mejoramiento de viviendas de emergencia. Fondo Decretos de Ministerio de Reconstruccion. Vol 1. A\u00f1o 1946. Departamento Archivo Hist\u00f3rico.<\/li>\n<li>Fondo Miscelaneas de Gobierno 1. Caja 58. Doc. 14. Fecha 1944. Departamento Archivo Hist\u00f3rico.<\/li>\n<\/ul>\n<p><img loading=\"lazy\" decoding=\"async\" class=\"alignnone size-large wp-image-25833\" src=\"https:\/\/vocesparalelas.com.ar\/sitio\/wp-content\/uploads\/2019\/12\/SAN-JUAN-CIUDAD-800x600.jpg\" alt=\"\" width=\"800\" height=\"600\" srcset=\"https:\/\/vocesparalelas.com.ar\/sitio\/wp-content\/uploads\/2019\/12\/SAN-JUAN-CIUDAD.jpg 800w, https:\/\/vocesparalelas.com.ar\/sitio\/wp-content\/uploads\/2019\/12\/SAN-JUAN-CIUDAD-300x225.jpg 300w, https:\/\/vocesparalelas.com.ar\/sitio\/wp-content\/uploads\/2019\/12\/SAN-JUAN-CIUDAD-768x576.jpg 768w\" sizes=\"auto, (max-width: 800px) 100vw, 800px\" \/><\/p>\n<\/div>\n","protected":false},"excerpt":{"rendered":"<p>En el aniversario del Terremoto de 1944\u00a0 que marc\u00f3 un antes y un despu\u00e9s, el Ministerio de Gobierno pone en<\/p>\n","protected":false},"author":3,"featured_media":18061,"comment_status":"closed","ping_status":"closed","sticky":false,"template":"","format":"standard","meta":{"_acf_changed":false,"_seopress_robots_primary_cat":"none","_seopress_titles_title":"","_seopress_titles_desc":"","_seopress_robots_index":"","colormag_page_container_layout":"default_layout","colormag_page_sidebar_layout":"default_layout","footnotes":""},"categories":[10,7],"tags":[],"class_list":["post-95830","post","type-post","status-publish","format-standard","has-post-thumbnail","hentry","category-opiniones","category-videos"],"acf":[],"_links":{"self":[{"href":"https:\/\/vocesparalelas.com.ar\/sitio\/wp-json\/wp\/v2\/posts\/95830","targetHints":{"allow":["GET"]}}],"collection":[{"href":"https:\/\/vocesparalelas.com.ar\/sitio\/wp-json\/wp\/v2\/posts"}],"about":[{"href":"https:\/\/vocesparalelas.com.ar\/sitio\/wp-json\/wp\/v2\/types\/post"}],"author":[{"embeddable":true,"href":"https:\/\/vocesparalelas.com.ar\/sitio\/wp-json\/wp\/v2\/users\/3"}],"replies":[{"embeddable":true,"href":"https:\/\/vocesparalelas.com.ar\/sitio\/wp-json\/wp\/v2\/comments?post=95830"}],"version-history":[{"count":3,"href":"https:\/\/vocesparalelas.com.ar\/sitio\/wp-json\/wp\/v2\/posts\/95830\/revisions"}],"predecessor-version":[{"id":95835,"href":"https:\/\/vocesparalelas.com.ar\/sitio\/wp-json\/wp\/v2\/posts\/95830\/revisions\/95835"}],"wp:featuredmedia":[{"embeddable":true,"href":"https:\/\/vocesparalelas.com.ar\/sitio\/wp-json\/wp\/v2\/media\/18061"}],"wp:attachment":[{"href":"https:\/\/vocesparalelas.com.ar\/sitio\/wp-json\/wp\/v2\/media?parent=95830"}],"wp:term":[{"taxonomy":"category","embeddable":true,"href":"https:\/\/vocesparalelas.com.ar\/sitio\/wp-json\/wp\/v2\/categories?post=95830"},{"taxonomy":"post_tag","embeddable":true,"href":"https:\/\/vocesparalelas.com.ar\/sitio\/wp-json\/wp\/v2\/tags?post=95830"}],"curies":[{"name":"wp","href":"https:\/\/api.w.org\/{rel}","templated":true}]}}