{"id":95797,"date":"2026-01-14T20:22:58","date_gmt":"2026-01-14T23:22:58","guid":{"rendered":"https:\/\/vocesparalelas.com.ar\/sitio\/?p=95797"},"modified":"2026-01-16T20:30:50","modified_gmt":"2026-01-16T23:30:50","slug":"licencias-deportivas-y-medicas-a-los-pilotos-y-navegantes-del-safari-tras-las-sierras-en-san-juan","status":"publish","type":"post","link":"https:\/\/vocesparalelas.com.ar\/sitio\/licencias-deportivas-y-medicas-a-los-pilotos-y-navegantes-del-safari-tras-las-sierras-en-san-juan\/","title":{"rendered":"Licencias deportivas y m\u00e9dicas a los pilotos y navegantes del Safari tras las Sierras en San Juan"},"content":{"rendered":"<p>El Gobierno de San Juan informa que en un esfuerzo conjunto con el Ministerio de Turismo, Cultura y Deporte, la Secretar\u00eda de Deporte y la Federaci\u00f3n Sanjuanina de Automovilismo Deportiva &#8211; FSAD -, costea las licencias deportivas y licencias m\u00e9dicas de los pilotos y navegantes participantes de la edici\u00f3n del Safari tras las Sierras.<\/p>\n<p>A continuaci\u00f3n se detallan los pasos a seguir referidos al lugar donde realizarse los estudios, d\u00edas, horarios y protocolo a seguir para tal fin.<\/p>\n<ul>\n<li>Lugar: Centro M\u00e9dico de Especialidades M\u00e9dicas Laborales (CIEM)<\/li>\n<li>Direcci\u00f3n: Rivadavia 981 (este) entre Estados Unidos y Patricias Sanjuaninas &#8211; Capital<\/li>\n<li>E-mail: ciem.admi@gmail.com<\/li>\n<li>Tel\u00e9fono: 264-5-523939<\/li>\n<li>D\u00edas: desde el mi\u00e9rcoles 14 hasta el s\u00e1bado 24 de enero. Solicitar turno sin excepci\u00f3n con H\u00e9ctor And\u00fajar, de Federaci\u00f3n Sanjuanina, al Whatsapp 264-6-620360<\/li>\n<li>Horarios: 6:00 a 8:00 AM<\/li>\n<\/ul>\n<p><strong><span style=\"color: #ff6600;\">Estudios a realizarse<\/span><\/strong><\/p>\n<ul>\n<li>Declaraci\u00f3n jurada.<\/li>\n<li>Prueba de agudeza visual examen cl\u00ednico.<\/li>\n<li>RX de t\u00f3rax audiometr\u00eda.<\/li>\n<li>An\u00e1lisis de sangre (hemograma, eritrosedimentaci\u00f3n, urea, glucosa, grupo sangu\u00edneo).<\/li>\n<li>An\u00e1lisis de orina.<\/li>\n<\/ul>\n<p><strong><span style=\"color: #ff6600;\">Requisito<\/span><\/strong><\/p>\n<ul>\n<li>traer DNI<\/li>\n<li>traer primera orina de la ma\u00f1ana<\/li>\n<li>asistir en ayunas<\/li>\n<\/ul>\n<p><strong><span style=\"color: #ff6600;\">Nota<\/span><\/strong><\/p>\n<p>Es muy importante cumplir con el d\u00eda y horario asignado para poder brindarles una mejor atenci\u00f3n y que el tiempo de estad\u00eda en las instalaciones sea el menor posible.<\/p>\n<p>&nbsp;<\/p>\n<p><img loading=\"lazy\" decoding=\"async\" class=\"alignnone size-full wp-image-82378\" src=\"https:\/\/vocesparalelas.com.ar\/sitio\/wp-content\/uploads\/2025\/02\/SAFARI-DE-LA-SIERRA.jpg\" alt=\"\" width=\"800\" height=\"450\" srcset=\"https:\/\/vocesparalelas.com.ar\/sitio\/wp-content\/uploads\/2025\/02\/SAFARI-DE-LA-SIERRA.jpg 800w, https:\/\/vocesparalelas.com.ar\/sitio\/wp-content\/uploads\/2025\/02\/SAFARI-DE-LA-SIERRA-300x169.jpg 300w, https:\/\/vocesparalelas.com.ar\/sitio\/wp-content\/uploads\/2025\/02\/SAFARI-DE-LA-SIERRA-768x432.jpg 768w\" sizes=\"auto, (max-width: 800px) 100vw, 800px\" \/><\/p>\n","protected":false},"excerpt":{"rendered":"<p>El Gobierno de San Juan informa que en un esfuerzo conjunto con el Ministerio de Turismo, Cultura y Deporte, la<\/p>\n","protected":false},"author":3,"featured_media":34858,"comment_status":"closed","ping_status":"closed","sticky":false,"template":"","format":"standard","meta":{"_acf_changed":false,"_seopress_robots_primary_cat":"none","_seopress_titles_title":"","_seopress_titles_desc":"","_seopress_robots_index":"","colormag_page_container_layout":"default_layout","colormag_page_sidebar_layout":"default_layout","footnotes":""},"categories":[2],"tags":[],"class_list":["post-95797","post","type-post","status-publish","format-standard","has-post-thumbnail","hentry","category-convocatorias"],"acf":[],"_links":{"self":[{"href":"https:\/\/vocesparalelas.com.ar\/sitio\/wp-json\/wp\/v2\/posts\/95797","targetHints":{"allow":["GET"]}}],"collection":[{"href":"https:\/\/vocesparalelas.com.ar\/sitio\/wp-json\/wp\/v2\/posts"}],"about":[{"href":"https:\/\/vocesparalelas.com.ar\/sitio\/wp-json\/wp\/v2\/types\/post"}],"author":[{"embeddable":true,"href":"https:\/\/vocesparalelas.com.ar\/sitio\/wp-json\/wp\/v2\/users\/3"}],"replies":[{"embeddable":true,"href":"https:\/\/vocesparalelas.com.ar\/sitio\/wp-json\/wp\/v2\/comments?post=95797"}],"version-history":[{"count":3,"href":"https:\/\/vocesparalelas.com.ar\/sitio\/wp-json\/wp\/v2\/posts\/95797\/revisions"}],"predecessor-version":[{"id":95802,"href":"https:\/\/vocesparalelas.com.ar\/sitio\/wp-json\/wp\/v2\/posts\/95797\/revisions\/95802"}],"wp:featuredmedia":[{"embeddable":true,"href":"https:\/\/vocesparalelas.com.ar\/sitio\/wp-json\/wp\/v2\/media\/34858"}],"wp:attachment":[{"href":"https:\/\/vocesparalelas.com.ar\/sitio\/wp-json\/wp\/v2\/media?parent=95797"}],"wp:term":[{"taxonomy":"category","embeddable":true,"href":"https:\/\/vocesparalelas.com.ar\/sitio\/wp-json\/wp\/v2\/categories?post=95797"},{"taxonomy":"post_tag","embeddable":true,"href":"https:\/\/vocesparalelas.com.ar\/sitio\/wp-json\/wp\/v2\/tags?post=95797"}],"curies":[{"name":"wp","href":"https:\/\/api.w.org\/{rel}","templated":true}]}}