{"id":95765,"date":"2026-01-13T20:48:07","date_gmt":"2026-01-13T23:48:07","guid":{"rendered":"https:\/\/vocesparalelas.com.ar\/sitio\/?p=95765"},"modified":"2026-01-13T20:48:07","modified_gmt":"2026-01-13T23:48:07","slug":"san-juan-recupero-envases-fitosanitarios","status":"publish","type":"post","link":"https:\/\/vocesparalelas.com.ar\/sitio\/san-juan-recupero-envases-fitosanitarios\/","title":{"rendered":"San Juan recuper\u00f3 envases fitosanitarios"},"content":{"rendered":"<p>El Ministerio de Producci\u00f3n, Trabajo e Innovaci\u00f3n del Gobierno de San Juan, a trav\u00e9s de la Direcci\u00f3n de Sanidad Vegetal, Animal y Alimentos, dependiente de la Secretar\u00eda de Agricultura, Ganader\u00eda y Agroindustria, present\u00f3 el balance anual de las Jornadas de Recepci\u00f3n de Envases Vac\u00edos de Fitosanitarios realizadas durante el a\u00f1o 2025, en articulaci\u00f3n con el Programa Campo Limpio.<\/p>\n<p>En este marco, se consolid\u00f3 un esquema de trabajo conjunto entre el sector p\u00fablico y privado que permiti\u00f3 recolectar un total de 9.530 kilogramos de envases pl\u00e1sticos, con el objetivo de disminuir los riesgos de intoxicaci\u00f3n y contaminaci\u00f3n derivados del uso inadecuado de plaguicidas. Desde la Direcci\u00f3n se destac\u00f3 el compromiso sostenido de productores y empresas locales que participaron de las diez campa\u00f1as desarrolladas a lo largo del a\u00f1o.<\/p>\n<p>Este resultado se ve fortalecido por el avance en la construcci\u00f3n del Centro de Acopio de Pocito, pr\u00f3ximo a finalizarse, el cual constituye un logro tangible alcanzado gracias a la participaci\u00f3n activa de los actores del sector agr\u00edcola. En este sentido, la Direcci\u00f3n de Sanidad Vegetal, Animal y Alimentos agradeci\u00f3 especialmente a todos los integrantes de la cadena productiva que se sumaron a esta iniciativa.<\/p>\n<p>El programa no se limita \u00fanicamente al retiro de los envases del campo, sino que promueve su reincorporaci\u00f3n a la econom\u00eda circular. Los pl\u00e1sticos recuperados son sometidos a procesos espec\u00edficos que permiten su transformaci\u00f3n en nuevos productos \u00fatiles, evitando pr\u00e1cticas nocivas como la quema, el enterramiento o la contaminaci\u00f3n de canales de riego y suelos sanjuaninos.<\/p>\n<p>Las campa\u00f1as de recepci\u00f3n se llevaron a cabo en Villa Aberastain, Media Agua, Caucete, Ca\u00f1ada Honda, Dos Acequias, Las Tapias y Santa Rosa, departamento 25 de Mayo.<\/p>\n<p>Para el presente a\u00f1o, la Direcci\u00f3n de Sanidad Vegetal, Animal y Alimentos ya se encuentra planificando un nuevo calendario de jornadas, con el objetivo de superar las metas de recolecci\u00f3n y continuar protegiendo el ecosistema productivo de la provincia de San Juan.<\/p>\n<p><img loading=\"lazy\" decoding=\"async\" class=\"alignnone size-full wp-image-65642\" src=\"https:\/\/vocesparalelas.com.ar\/sitio\/wp-content\/uploads\/2023\/11\/GOBIERNO-SAN-JUAN.jpg\" alt=\"\" width=\"800\" height=\"600\" srcset=\"https:\/\/vocesparalelas.com.ar\/sitio\/wp-content\/uploads\/2023\/11\/GOBIERNO-SAN-JUAN.jpg 800w, https:\/\/vocesparalelas.com.ar\/sitio\/wp-content\/uploads\/2023\/11\/GOBIERNO-SAN-JUAN-300x225.jpg 300w, https:\/\/vocesparalelas.com.ar\/sitio\/wp-content\/uploads\/2023\/11\/GOBIERNO-SAN-JUAN-768x576.jpg 768w\" sizes=\"auto, (max-width: 800px) 100vw, 800px\" \/><\/p>\n<p>&nbsp;<\/p>\n<p>&nbsp;<\/p>\n","protected":false},"excerpt":{"rendered":"<p>El Ministerio de Producci\u00f3n, Trabajo e Innovaci\u00f3n del Gobierno de San Juan, a trav\u00e9s de la Direcci\u00f3n de Sanidad Vegetal,<\/p>\n","protected":false},"author":3,"featured_media":95768,"comment_status":"closed","ping_status":"closed","sticky":false,"template":"","format":"standard","meta":{"_acf_changed":false,"_seopress_robots_primary_cat":"none","_seopress_titles_title":"","_seopress_titles_desc":"","_seopress_robots_index":"","colormag_page_container_layout":"default_layout","colormag_page_sidebar_layout":"default_layout","footnotes":""},"categories":[1],"tags":[],"class_list":["post-95765","post","type-post","status-publish","format-standard","has-post-thumbnail","hentry","category-destacadas"],"acf":[],"_links":{"self":[{"href":"https:\/\/vocesparalelas.com.ar\/sitio\/wp-json\/wp\/v2\/posts\/95765","targetHints":{"allow":["GET"]}}],"collection":[{"href":"https:\/\/vocesparalelas.com.ar\/sitio\/wp-json\/wp\/v2\/posts"}],"about":[{"href":"https:\/\/vocesparalelas.com.ar\/sitio\/wp-json\/wp\/v2\/types\/post"}],"author":[{"embeddable":true,"href":"https:\/\/vocesparalelas.com.ar\/sitio\/wp-json\/wp\/v2\/users\/3"}],"replies":[{"embeddable":true,"href":"https:\/\/vocesparalelas.com.ar\/sitio\/wp-json\/wp\/v2\/comments?post=95765"}],"version-history":[{"count":1,"href":"https:\/\/vocesparalelas.com.ar\/sitio\/wp-json\/wp\/v2\/posts\/95765\/revisions"}],"predecessor-version":[{"id":95769,"href":"https:\/\/vocesparalelas.com.ar\/sitio\/wp-json\/wp\/v2\/posts\/95765\/revisions\/95769"}],"wp:featuredmedia":[{"embeddable":true,"href":"https:\/\/vocesparalelas.com.ar\/sitio\/wp-json\/wp\/v2\/media\/95768"}],"wp:attachment":[{"href":"https:\/\/vocesparalelas.com.ar\/sitio\/wp-json\/wp\/v2\/media?parent=95765"}],"wp:term":[{"taxonomy":"category","embeddable":true,"href":"https:\/\/vocesparalelas.com.ar\/sitio\/wp-json\/wp\/v2\/categories?post=95765"},{"taxonomy":"post_tag","embeddable":true,"href":"https:\/\/vocesparalelas.com.ar\/sitio\/wp-json\/wp\/v2\/tags?post=95765"}],"curies":[{"name":"wp","href":"https:\/\/api.w.org\/{rel}","templated":true}]}}