{"id":95761,"date":"2026-01-13T20:42:48","date_gmt":"2026-01-13T23:42:48","guid":{"rendered":"https:\/\/vocesparalelas.com.ar\/sitio\/?p=95761"},"modified":"2026-01-14T20:44:45","modified_gmt":"2026-01-14T23:44:45","slug":"taller-de-canto-gratuito-en-espacios-compartidos-de-san-juan","status":"publish","type":"post","link":"https:\/\/vocesparalelas.com.ar\/sitio\/taller-de-canto-gratuito-en-espacios-compartidos-de-san-juan\/","title":{"rendered":"Taller de canto gratuito en Espacios Compartidos de San Juan"},"content":{"rendered":"<p>En el marco de las actividades de verano, el Ministerio de Turismo, Cultura y Deporte del Gobierno de San Juan, a trav\u00e9s de la\u00a0Secretar\u00eda de Cultura, ofrece\u00a0Taller de Canto en Espacios Compartidos, una iniciativa art\u00edstica y formativa que invita a adolescentes y adultos a descubrir y potenciar la voz como herramienta expresiva, creativa y esc\u00e9nica.<\/p>\n<p data-start=\"702\" data-end=\"994\">La propuesta est\u00e1 dirigida a personas\u00a0desde los 12 a\u00f1os en adelante, sin necesidad de contar con experiencia previa. El taller se dicta en\u00a0Espacios Compartidos \u2013 Explanada del Ferro Urban\u00edstico, con encuentros los Lunes y Mi\u00e9rcoles de 19 a 20.30 horas. Las clases est\u00e1n a cargo de la\u00a0profesora Ana Bel\u00e9n Toledo, docente de m\u00fasica y directora del\u00a0Instituto Tiempo de Canto, quien propone un recorrido que combina\u00a0t\u00e9cnica vocal, exploraci\u00f3n expresiva y pr\u00e1ctica colectiva.<\/p>\n<p data-start=\"1371\" data-end=\"1585\">Las personas interesadas en participar pueden inscribirse a trav\u00e9s del 2645 65-2863. La propuesta es libre y gratuita.<\/p>\n<p data-start=\"1371\" data-end=\"1585\"><img loading=\"lazy\" decoding=\"async\" class=\"alignnone size-full wp-image-31535\" src=\"https:\/\/vocesparalelas.com.ar\/sitio\/wp-content\/uploads\/2020\/10\/FERRO-URBANISTICO.jpg\" alt=\"\" width=\"800\" height=\"450\" srcset=\"https:\/\/vocesparalelas.com.ar\/sitio\/wp-content\/uploads\/2020\/10\/FERRO-URBANISTICO.jpg 800w, https:\/\/vocesparalelas.com.ar\/sitio\/wp-content\/uploads\/2020\/10\/FERRO-URBANISTICO-300x169.jpg 300w, https:\/\/vocesparalelas.com.ar\/sitio\/wp-content\/uploads\/2020\/10\/FERRO-URBANISTICO-768x432.jpg 768w\" sizes=\"auto, (max-width: 800px) 100vw, 800px\" \/><\/p>\n","protected":false},"excerpt":{"rendered":"<p>En el marco de las actividades de verano, el Ministerio de Turismo, Cultura y Deporte del Gobierno de San Juan,<\/p>\n","protected":false},"author":3,"featured_media":16546,"comment_status":"closed","ping_status":"closed","sticky":false,"template":"","format":"standard","meta":{"_acf_changed":false,"_seopress_robots_primary_cat":"none","_seopress_titles_title":"","_seopress_titles_desc":"","_seopress_robots_index":"","colormag_page_container_layout":"default_layout","colormag_page_sidebar_layout":"default_layout","footnotes":""},"categories":[9],"tags":[],"class_list":["post-95761","post","type-post","status-publish","format-standard","has-post-thumbnail","hentry","category-cursos"],"acf":[],"_links":{"self":[{"href":"https:\/\/vocesparalelas.com.ar\/sitio\/wp-json\/wp\/v2\/posts\/95761","targetHints":{"allow":["GET"]}}],"collection":[{"href":"https:\/\/vocesparalelas.com.ar\/sitio\/wp-json\/wp\/v2\/posts"}],"about":[{"href":"https:\/\/vocesparalelas.com.ar\/sitio\/wp-json\/wp\/v2\/types\/post"}],"author":[{"embeddable":true,"href":"https:\/\/vocesparalelas.com.ar\/sitio\/wp-json\/wp\/v2\/users\/3"}],"replies":[{"embeddable":true,"href":"https:\/\/vocesparalelas.com.ar\/sitio\/wp-json\/wp\/v2\/comments?post=95761"}],"version-history":[{"count":2,"href":"https:\/\/vocesparalelas.com.ar\/sitio\/wp-json\/wp\/v2\/posts\/95761\/revisions"}],"predecessor-version":[{"id":95807,"href":"https:\/\/vocesparalelas.com.ar\/sitio\/wp-json\/wp\/v2\/posts\/95761\/revisions\/95807"}],"wp:featuredmedia":[{"embeddable":true,"href":"https:\/\/vocesparalelas.com.ar\/sitio\/wp-json\/wp\/v2\/media\/16546"}],"wp:attachment":[{"href":"https:\/\/vocesparalelas.com.ar\/sitio\/wp-json\/wp\/v2\/media?parent=95761"}],"wp:term":[{"taxonomy":"category","embeddable":true,"href":"https:\/\/vocesparalelas.com.ar\/sitio\/wp-json\/wp\/v2\/categories?post=95761"},{"taxonomy":"post_tag","embeddable":true,"href":"https:\/\/vocesparalelas.com.ar\/sitio\/wp-json\/wp\/v2\/tags?post=95761"}],"curies":[{"name":"wp","href":"https:\/\/api.w.org\/{rel}","templated":true}]}}