{"id":95749,"date":"2026-01-13T18:50:19","date_gmt":"2026-01-13T21:50:19","guid":{"rendered":"https:\/\/vocesparalelas.com.ar\/sitio\/?p=95749"},"modified":"2026-01-15T12:48:23","modified_gmt":"2026-01-15T15:48:23","slug":"participa-de-la-etapa-participativa-de-la-vuelta-a-san-juan-inclusiva-2026","status":"publish","type":"post","link":"https:\/\/vocesparalelas.com.ar\/sitio\/participa-de-la-etapa-participativa-de-la-vuelta-a-san-juan-inclusiva-2026\/","title":{"rendered":"Participa de la Etapa Participativa de la Vuelta a San Juan Inclusiva 2026"},"content":{"rendered":"<p>En la antesala de una de las competencias m\u00e1s importantes del calendario cicl\u00edstico provincial, ya se encuentra habilitado el link de inscripci\u00f3n para participar de la Etapa Participativa de la Vuelta a San Juan Inclusiva, una iniciativa que promueve el deporte, la inclusi\u00f3n y la participaci\u00f3n de toda la comunidad.<\/p>\n<p>La actividad se desarrolla el Viernes 23 de enero, con concentraci\u00f3n prevista a las 17:00, en el departamento Santa Luc\u00eda. La carrera tendr\u00e1 un recorrido de 1 kil\u00f3metro y est\u00e1 pensada para que puedan sumarse personas de todas las edades y condiciones, utilizando bicicleta, handbike, monopat\u00edn u otros medios adaptados, priorizando el esp\u00edritu participativo y recreativo del evento.<\/p>\n<p>Esta etapa forma parte de la previa de la Vuelta Inclusiva, en el marco del inicio oficial de la Vuelta a San Juan, y es organizada por la Direcci\u00f3n de Pol\u00edticas Educativas e Inclusivas, reafirmando el compromiso de seguir generando espacios deportivos accesibles, diversos y abiertos para todos.<\/p>\n<p>Desde la organizaci\u00f3n se invita a la comunidad a inscribirse y compartir el link de registro, con el objetivo de seguir ampliando la participaci\u00f3n y acompa\u00f1ar una propuesta que pone en valor la inclusi\u00f3n a trav\u00e9s del deporte.<\/p>\n<p>Inscripci\u00f3n ya se encuentra disponible para quienes deseen formar parte de esta experiencia.<\/p>\n<p><a href=\"https:\/\/docs.google.com\/forms\/d\/e\/1FAIpQLSeSUzEktLvk0kuxjz1pP5Z81M6jfWyQwWEEvahHZBvWa9iycg\/viewform?pli=1\">https:\/\/docs.google.com\/forms\/d\/e\/1FAIpQLSeSUzEktLvk0kuxjz1pP5Z81M6jfWyQwWEEvahHZBvWa9iycg\/viewform?pli=1<\/a><\/p>\n<p>&nbsp;<\/p>\n<p><span style=\"color: #ff6600;\"><strong>Adjuntamos un video de archivo para que observen como se desarrolla la Vuelta a San Juan para apoyar a los participantes<\/strong><\/span><\/p>\n<p>&nbsp;<\/p>\n<p><iframe loading=\"lazy\" title=\"VUELTA A SAN JUAN CICLISMO ADAPTADO\" width=\"800\" height=\"450\" src=\"https:\/\/www.youtube.com\/embed\/7Ts9yV17nSE?feature=oembed\" frameborder=\"0\" allow=\"accelerometer; autoplay; clipboard-write; encrypted-media; gyroscope; picture-in-picture; web-share\" referrerpolicy=\"strict-origin-when-cross-origin\" allowfullscreen><\/iframe><\/p>\n<p><img loading=\"lazy\" decoding=\"async\" class=\"alignnone size-full wp-image-95824\" src=\"https:\/\/vocesparalelas.com.ar\/sitio\/wp-content\/uploads\/2026\/01\/VUELTA-A-SAN-JUAN-2026-LOGO.png\" alt=\"\" width=\"800\" height=\"464\" srcset=\"https:\/\/vocesparalelas.com.ar\/sitio\/wp-content\/uploads\/2026\/01\/VUELTA-A-SAN-JUAN-2026-LOGO.png 800w, https:\/\/vocesparalelas.com.ar\/sitio\/wp-content\/uploads\/2026\/01\/VUELTA-A-SAN-JUAN-2026-LOGO-300x174.png 300w, https:\/\/vocesparalelas.com.ar\/sitio\/wp-content\/uploads\/2026\/01\/VUELTA-A-SAN-JUAN-2026-LOGO-768x445.png 768w\" sizes=\"auto, (max-width: 800px) 100vw, 800px\" \/><\/p>\n","protected":false},"excerpt":{"rendered":"<p>En la antesala de una de las competencias m\u00e1s importantes del calendario cicl\u00edstico provincial, ya se encuentra habilitado el link<\/p>\n","protected":false},"author":3,"featured_media":9488,"comment_status":"closed","ping_status":"closed","sticky":false,"template":"","format":"standard","meta":{"_acf_changed":false,"_seopress_robots_primary_cat":"none","_seopress_titles_title":"","_seopress_titles_desc":"","_seopress_robots_index":"","colormag_page_container_layout":"default_layout","colormag_page_sidebar_layout":"default_layout","footnotes":""},"categories":[2],"tags":[],"class_list":["post-95749","post","type-post","status-publish","format-standard","has-post-thumbnail","hentry","category-convocatorias"],"acf":[],"_links":{"self":[{"href":"https:\/\/vocesparalelas.com.ar\/sitio\/wp-json\/wp\/v2\/posts\/95749","targetHints":{"allow":["GET"]}}],"collection":[{"href":"https:\/\/vocesparalelas.com.ar\/sitio\/wp-json\/wp\/v2\/posts"}],"about":[{"href":"https:\/\/vocesparalelas.com.ar\/sitio\/wp-json\/wp\/v2\/types\/post"}],"author":[{"embeddable":true,"href":"https:\/\/vocesparalelas.com.ar\/sitio\/wp-json\/wp\/v2\/users\/3"}],"replies":[{"embeddable":true,"href":"https:\/\/vocesparalelas.com.ar\/sitio\/wp-json\/wp\/v2\/comments?post=95749"}],"version-history":[{"count":6,"href":"https:\/\/vocesparalelas.com.ar\/sitio\/wp-json\/wp\/v2\/posts\/95749\/revisions"}],"predecessor-version":[{"id":95829,"href":"https:\/\/vocesparalelas.com.ar\/sitio\/wp-json\/wp\/v2\/posts\/95749\/revisions\/95829"}],"wp:featuredmedia":[{"embeddable":true,"href":"https:\/\/vocesparalelas.com.ar\/sitio\/wp-json\/wp\/v2\/media\/9488"}],"wp:attachment":[{"href":"https:\/\/vocesparalelas.com.ar\/sitio\/wp-json\/wp\/v2\/media?parent=95749"}],"wp:term":[{"taxonomy":"category","embeddable":true,"href":"https:\/\/vocesparalelas.com.ar\/sitio\/wp-json\/wp\/v2\/categories?post=95749"},{"taxonomy":"post_tag","embeddable":true,"href":"https:\/\/vocesparalelas.com.ar\/sitio\/wp-json\/wp\/v2\/tags?post=95749"}],"curies":[{"name":"wp","href":"https:\/\/api.w.org\/{rel}","templated":true}]}}