{"id":95741,"date":"2026-01-20T18:40:37","date_gmt":"2026-01-20T21:40:37","guid":{"rendered":"https:\/\/vocesparalelas.com.ar\/sitio\/?p=95741"},"modified":"2026-01-22T20:22:13","modified_gmt":"2026-01-22T23:22:13","slug":"inscripciones-clases-de-apoyo-gratuitas-para-estudiantes-del-secundario-de-san-juan","status":"publish","type":"post","link":"https:\/\/vocesparalelas.com.ar\/sitio\/inscripciones-clases-de-apoyo-gratuitas-para-estudiantes-del-secundario-de-san-juan\/","title":{"rendered":"Inscripciones \u00abClases de Apoyo Gratuitas\u00bb para Estudiantes del Secundario de San Juan"},"content":{"rendered":"<p>El Ministerio de Educaci\u00f3n del Gobierno de San Juan informa las inscripciones al Programa de Fortalecimiento Escolar Gratuito, destinado a estudiantes de nivel secundario que necesitan acompa\u00f1amiento en sus aprendizajes. La <strong>i<\/strong>nscripci\u00f3n se realizar\u00e1 a partir de este 20 de enero\u00a0y hasta completar cupo.<\/p>\n<p>Se reciben de Lunes a Viernes de 8.30 a 12.30 hs.; en el edificio del Ministerio de Educaci\u00f3n. Las Heras y Alberdi, Departamento Capital.<\/p>\n<p><span style=\"color: #ff6600;\"><strong>Para formalizar el registro, los interesados deben presentar<\/strong><\/span><\/p>\n<ul>\n<li>Fotocopia del DNI del estudiante y del progenitor o tutor.<\/li>\n<li>Fotocopia de la partida de nacimiento del estudiante.<\/li>\n<\/ul>\n<p>Las clases de apoyo escolar gratuito comienzan el 2 de Febrero de 2026 y se dictan en distintas sedes departamentales.<\/p>\n<p>Esta iniciativa forma parte del Plan de Alfabetizaci\u00f3n \u201cComprendo y Aprendo\u201d y tiene como objetivo acompa\u00f1ar las trayectorias escolares, reforzar contenidos y generar mejores condiciones para el aprendizaje, de cara a las mesas de ex\u00e1menes previas al inicio del ciclo lectivo 2026.<\/p>\n<p>La ministra de Educaci\u00f3n, Lic. Silvia Fuentes, destac\u00f3 que \u00abel programa no s\u00f3lo busca mejorar el rendimiento acad\u00e9mico, sino tambi\u00e9n brindar un respaldo concreto a las familias sanjuaninas, especialmente a aquellas que no pueden afrontar el costo de clases particulares, garantizando as\u00ed que todos los estudiantes tengan las mismas oportunidades para avanzar en la escuela\u201d.<\/p>\n<p><img loading=\"lazy\" decoding=\"async\" class=\"alignnone size-full wp-image-28629\" src=\"https:\/\/vocesparalelas.com.ar\/sitio\/wp-content\/uploads\/2020\/05\/MINISTERIO-EDUCACION-SJ.jpg\" alt=\"\" width=\"800\" height=\"533\" srcset=\"https:\/\/vocesparalelas.com.ar\/sitio\/wp-content\/uploads\/2020\/05\/MINISTERIO-EDUCACION-SJ.jpg 800w, https:\/\/vocesparalelas.com.ar\/sitio\/wp-content\/uploads\/2020\/05\/MINISTERIO-EDUCACION-SJ-300x200.jpg 300w, https:\/\/vocesparalelas.com.ar\/sitio\/wp-content\/uploads\/2020\/05\/MINISTERIO-EDUCACION-SJ-768x512.jpg 768w\" sizes=\"auto, (max-width: 800px) 100vw, 800px\" \/><\/p>\n","protected":false},"excerpt":{"rendered":"<p>El Ministerio de Educaci\u00f3n del Gobierno de San Juan informa las inscripciones al Programa de Fortalecimiento Escolar Gratuito, destinado a<\/p>\n","protected":false},"author":3,"featured_media":68996,"comment_status":"closed","ping_status":"closed","sticky":false,"template":"","format":"standard","meta":{"_acf_changed":false,"_seopress_robots_primary_cat":"none","_seopress_titles_title":"","_seopress_titles_desc":"","_seopress_robots_index":"","colormag_page_container_layout":"default_layout","colormag_page_sidebar_layout":"default_layout","footnotes":""},"categories":[5],"tags":[],"class_list":["post-95741","post","type-post","status-publish","format-standard","has-post-thumbnail","hentry","category-ofrecimientos"],"acf":[],"_links":{"self":[{"href":"https:\/\/vocesparalelas.com.ar\/sitio\/wp-json\/wp\/v2\/posts\/95741","targetHints":{"allow":["GET"]}}],"collection":[{"href":"https:\/\/vocesparalelas.com.ar\/sitio\/wp-json\/wp\/v2\/posts"}],"about":[{"href":"https:\/\/vocesparalelas.com.ar\/sitio\/wp-json\/wp\/v2\/types\/post"}],"author":[{"embeddable":true,"href":"https:\/\/vocesparalelas.com.ar\/sitio\/wp-json\/wp\/v2\/users\/3"}],"replies":[{"embeddable":true,"href":"https:\/\/vocesparalelas.com.ar\/sitio\/wp-json\/wp\/v2\/comments?post=95741"}],"version-history":[{"count":1,"href":"https:\/\/vocesparalelas.com.ar\/sitio\/wp-json\/wp\/v2\/posts\/95741\/revisions"}],"predecessor-version":[{"id":95744,"href":"https:\/\/vocesparalelas.com.ar\/sitio\/wp-json\/wp\/v2\/posts\/95741\/revisions\/95744"}],"wp:featuredmedia":[{"embeddable":true,"href":"https:\/\/vocesparalelas.com.ar\/sitio\/wp-json\/wp\/v2\/media\/68996"}],"wp:attachment":[{"href":"https:\/\/vocesparalelas.com.ar\/sitio\/wp-json\/wp\/v2\/media?parent=95741"}],"wp:term":[{"taxonomy":"category","embeddable":true,"href":"https:\/\/vocesparalelas.com.ar\/sitio\/wp-json\/wp\/v2\/categories?post=95741"},{"taxonomy":"post_tag","embeddable":true,"href":"https:\/\/vocesparalelas.com.ar\/sitio\/wp-json\/wp\/v2\/tags?post=95741"}],"curies":[{"name":"wp","href":"https:\/\/api.w.org\/{rel}","templated":true}]}}