{"id":95711,"date":"2026-01-12T22:10:22","date_gmt":"2026-01-13T01:10:22","guid":{"rendered":"https:\/\/vocesparalelas.com.ar\/sitio\/?p=95711"},"modified":"2026-01-13T21:35:55","modified_gmt":"2026-01-14T00:35:55","slug":"verano-tech-2026-para-unas-vacaciones-diferentes-en-san-juan","status":"publish","type":"post","link":"https:\/\/vocesparalelas.com.ar\/sitio\/verano-tech-2026-para-unas-vacaciones-diferentes-en-san-juan\/","title":{"rendered":"\u00abVerano Tech 2026\u00bb para unas vacaciones diferentes en San Juan"},"content":{"rendered":"<p>Verano Tech 2026 busca fomentar el aprendizaje tecnol\u00f3gico, la integraci\u00f3n y el trabajo colaborativo, contribuyendo al desarrollo del talento local y motivando a ni\u00f1os y j\u00f3venes a explorar carreras en ciencia, tecnolog\u00eda e ingenier\u00eda. Es un espacio educativo dise\u00f1ado especialmente para que ni\u00f1os y adolescentes puedan explorar el fascinante mundo de la tecnolog\u00eda mientras se divierten.<\/p>\n<p><img loading=\"lazy\" decoding=\"async\" class=\"alignnone size-full wp-image-95715\" src=\"https:\/\/vocesparalelas.com.ar\/sitio\/wp-content\/uploads\/2026\/01\/tech-02.jpg\" alt=\"\" width=\"800\" height=\"533\" srcset=\"https:\/\/vocesparalelas.com.ar\/sitio\/wp-content\/uploads\/2026\/01\/tech-02.jpg 800w, https:\/\/vocesparalelas.com.ar\/sitio\/wp-content\/uploads\/2026\/01\/tech-02-300x200.jpg 300w, https:\/\/vocesparalelas.com.ar\/sitio\/wp-content\/uploads\/2026\/01\/tech-02-768x512.jpg 768w\" sizes=\"auto, (max-width: 800px) 100vw, 800px\" \/><\/p>\n<p>El programa tiene como eje central combinar teor\u00eda, pr\u00e1ctica y creatividad a trav\u00e9s de talleres din\u00e1micos sobre rob\u00f3tica, dibujo e impresi\u00f3n 3D. Las actividades est\u00e1n pensadas para que los participantes no solo adquieran conocimientos t\u00e9cnicos, sino que tambi\u00e9n desarrollen su ingenio y capacidad de resoluci\u00f3n de problemas.<\/p>\n<p>En la apertura del programa el secretario de Ciencia, tecnolog\u00eda e Innovaci\u00f3n, Germ\u00e1n Von Euw expres\u00f3 que \u00abiniciamos el programa Verano Tech 2026, este programa que tiene como objetivo proveer un entorno de aprendizaje en habilidades tecnol\u00f3gicas para chicos y adolescentes de la provincia de San Juan. Tiene la novedad de este a\u00f1o que lo vamos a extender a departamentos del interior de la provincia de San Juan a trav\u00e9s de un convenio y los esfuerzos de un trabajo colaborativo con el Ministerio de Educaci\u00f3n y el Ministerio de Miner\u00eda\u201d.<\/p>\n<p><iframe loading=\"lazy\" title=\"SAN JUAN CECI DR GERM\u00c1N \" width=\"800\" height=\"450\" src=\"https:\/\/www.youtube.com\/embed\/yOs_Q4R5OoI?feature=oembed\" frameborder=\"0\" allow=\"accelerometer; autoplay; clipboard-write; encrypted-media; gyroscope; picture-in-picture; web-share\" referrerpolicy=\"strict-origin-when-cross-origin\" allowfullscreen><\/iframe><\/p>\n<p>Tambi\u00e9n estos cursos de rob\u00f3tica con una novedad que es una escuela de inventores donde los chicos tienen que desarrollar una propuesta creativa en base a una problem\u00e1tica del departamento, en los departamentos de J\u00e1chal, Iglesia, Ullum, Calingasta y Sarmiento\u201d.<\/p>\n<p>En el caso del departamento Capital y alrededores, se ampli\u00f3 la capacidad del CECI por el inter\u00e9s de parte de todos los chicos de San Juan, m\u00e1s de 500 tomaran parte en este tipo de cursos.<\/p>\n<p>Participaron del lanzamiento de Verano Tech el secretario de Agricultura, ganader\u00eda y Agroindustria; Miguel Moreno, el director de Econom\u00eda del Conocimiento; Andr\u00e9s Menegazo, el director de Transferencia e innovaci\u00f3n; Carlos Gallardo, el director de Promoci\u00f3n de la Actividad Cient\u00edfica y Tecnol\u00f3gica, Federico Ramos y el director de Educaci\u00f3n T\u00e9cnica del ministerio de Educaci\u00f3n; Prof. Rodolfo Navas.<\/p>\n<p><img loading=\"lazy\" decoding=\"async\" class=\"alignnone size-full wp-image-95716\" src=\"https:\/\/vocesparalelas.com.ar\/sitio\/wp-content\/uploads\/2026\/01\/TECH-03.jpg\" alt=\"\" width=\"800\" height=\"533\" srcset=\"https:\/\/vocesparalelas.com.ar\/sitio\/wp-content\/uploads\/2026\/01\/TECH-03.jpg 800w, https:\/\/vocesparalelas.com.ar\/sitio\/wp-content\/uploads\/2026\/01\/TECH-03-300x200.jpg 300w, https:\/\/vocesparalelas.com.ar\/sitio\/wp-content\/uploads\/2026\/01\/TECH-03-768x512.jpg 768w\" sizes=\"auto, (max-width: 800px) 100vw, 800px\" \/><\/p>\n<p>&nbsp;<\/p>\n<p>&nbsp;<\/p>\n<p>&nbsp;<\/p>\n","protected":false},"excerpt":{"rendered":"<p>Verano Tech 2026 busca fomentar el aprendizaje tecnol\u00f3gico, la integraci\u00f3n y el trabajo colaborativo, contribuyendo al desarrollo del talento local<\/p>\n","protected":false},"author":3,"featured_media":95714,"comment_status":"closed","ping_status":"closed","sticky":false,"template":"","format":"standard","meta":{"_acf_changed":false,"_seopress_robots_primary_cat":"none","_seopress_titles_title":"","_seopress_titles_desc":"","_seopress_robots_index":"","colormag_page_container_layout":"default_layout","colormag_page_sidebar_layout":"default_layout","footnotes":""},"categories":[9,7],"tags":[],"class_list":["post-95711","post","type-post","status-publish","format-standard","has-post-thumbnail","hentry","category-cursos","category-videos"],"acf":[],"_links":{"self":[{"href":"https:\/\/vocesparalelas.com.ar\/sitio\/wp-json\/wp\/v2\/posts\/95711","targetHints":{"allow":["GET"]}}],"collection":[{"href":"https:\/\/vocesparalelas.com.ar\/sitio\/wp-json\/wp\/v2\/posts"}],"about":[{"href":"https:\/\/vocesparalelas.com.ar\/sitio\/wp-json\/wp\/v2\/types\/post"}],"author":[{"embeddable":true,"href":"https:\/\/vocesparalelas.com.ar\/sitio\/wp-json\/wp\/v2\/users\/3"}],"replies":[{"embeddable":true,"href":"https:\/\/vocesparalelas.com.ar\/sitio\/wp-json\/wp\/v2\/comments?post=95711"}],"version-history":[{"count":1,"href":"https:\/\/vocesparalelas.com.ar\/sitio\/wp-json\/wp\/v2\/posts\/95711\/revisions"}],"predecessor-version":[{"id":95717,"href":"https:\/\/vocesparalelas.com.ar\/sitio\/wp-json\/wp\/v2\/posts\/95711\/revisions\/95717"}],"wp:featuredmedia":[{"embeddable":true,"href":"https:\/\/vocesparalelas.com.ar\/sitio\/wp-json\/wp\/v2\/media\/95714"}],"wp:attachment":[{"href":"https:\/\/vocesparalelas.com.ar\/sitio\/wp-json\/wp\/v2\/media?parent=95711"}],"wp:term":[{"taxonomy":"category","embeddable":true,"href":"https:\/\/vocesparalelas.com.ar\/sitio\/wp-json\/wp\/v2\/categories?post=95711"},{"taxonomy":"post_tag","embeddable":true,"href":"https:\/\/vocesparalelas.com.ar\/sitio\/wp-json\/wp\/v2\/tags?post=95711"}],"curies":[{"name":"wp","href":"https:\/\/api.w.org\/{rel}","templated":true}]}}