{"id":95707,"date":"2026-01-12T21:39:43","date_gmt":"2026-01-13T00:39:43","guid":{"rendered":"https:\/\/vocesparalelas.com.ar\/sitio\/?p=95707"},"modified":"2026-01-13T21:42:47","modified_gmt":"2026-01-14T00:42:47","slug":"curso-virtual-herramientas-para-la-gestion-de-documentacion-y-la-administracion-de-archivos-en-san-juan","status":"publish","type":"post","link":"https:\/\/vocesparalelas.com.ar\/sitio\/curso-virtual-herramientas-para-la-gestion-de-documentacion-y-la-administracion-de-archivos-en-san-juan\/","title":{"rendered":"Curso virtual \u201cHerramientas para la Gesti\u00f3n de Documentaci\u00f3n y la Administraci\u00f3n de Archivos\u201d en San Juan"},"content":{"rendered":"<p>El Ministerio de Gobierno de San Juan inform\u00f3 que se realiza el curso virtual \u201cHerramientas para la Gesti\u00f3n de Documentaci\u00f3n y la Administraci\u00f3n de Archivos\u201d, una iniciativa del Consejo Federal de Archivos Estatales (CoFAE) que pone en marcha una propuesta de formaci\u00f3n virtual destinada a generar soluciones pr\u00e1cticas para la gesti\u00f3n de documentaci\u00f3n y la administraci\u00f3n de archivos p\u00fablicos de todo el pa\u00eds.<\/p>\n<p>La propuesta formativa tendr\u00e1 una duraci\u00f3n de cinco semanas, con una carga total de 32 horas, y se dictar\u00e1 bajo modalidad virtual asincr\u00f3nica a trav\u00e9s del campus virtual del Archivo General de la Naci\u00f3n.<\/p>\n<p>La primera comisi\u00f3n se desarrolla entre el 23 de Febrero y el 3 de Abril de 2026, con un cupo m\u00e1ximo de 25 participantes, quienes cuentan con el acompa\u00f1amiento de un tutor.<\/p>\n<p><strong><span style=\"color: #ff6600;\">Informaci\u00f3n clave para la inscripci\u00f3n<\/span><\/strong><\/p>\n<ul>\n<li>Fecha l\u00edmite: Hasta el 13 de febrero de 2026.<\/li>\n<li>Comunicaci\u00f3n de vacantes: Hasta el 19 de febrero.<\/li>\n<li>Destinatarios: Principalmente personal que se desempe\u00f1e en archivos adheridos al CoFAE.<\/li>\n<li>Requisito fundamental: Cada postulante deber\u00e1 presentar una carta aval de su Director\/a de Archivo titular.<\/li>\n<\/ul>\n<p><strong><span style=\"color: #ff6600;\">Compromiso institucional y asistencia t\u00e9cnica<\/span><\/strong><\/p>\n<p>El aval de las autoridades de cada instituci\u00f3n es mandatorio, garantizando que el agente pueda cursar en horario laboral y realizar pr\u00e1cticas profesionales con los fondos documentales del organismo. Un aspecto innovador de este programa es que el trabajo final podr\u00e1 ser transformado en un proyecto de desarrollo, contando con el acompa\u00f1amiento y asistencia t\u00e9cnica de la Comisi\u00f3n de Capacitaci\u00f3n del CoFAE.<\/p>\n<p>Se establece, asimismo, un sistema de responsabilidad institucional: aquellos archivos cuyos aspirantes se inscriban y abandonen la cursada sin justificaci\u00f3n, quedar\u00e1n en el \u00faltimo orden de m\u00e9rito para las vacantes de los cursos subsiguientes durante el a\u00f1o 2026.<\/p>\n<p><span style=\"color: #ff6600;\"><strong>Criterios de selecci\u00f3n y vacantes:<\/strong><\/span><\/p>\n<p>Para la asignaci\u00f3n de vacantes, se priorizar\u00e1 el siguiente orden:<\/p>\n<ul>\n<li>Personal de archivos miembros del CoFAE.<\/li>\n<li>Personal de archivos adherentes al CoFAE.<\/li>\n<li>Agentes de archivos estatales provinciales con v\u00ednculos con el archivo titular de su jurisdicci\u00f3n.<\/li>\n<\/ul>\n<p>Durante el cursado, se abordar\u00e1n contenidos vinculados a las nociones b\u00e1sicas de la archiv\u00edstica contempor\u00e1nea, incluyendo criterios de identificaci\u00f3n, clasificaci\u00f3n y ordenamiento documental; gesti\u00f3n de documentos electr\u00f3nicos y expedientes digitales; y el marco normativo vigente en materia de plazos de guarda y acceso a la informaci\u00f3n. Como valor agregado, para la aprobaci\u00f3n se requerir\u00e1 la elaboraci\u00f3n de un diagn\u00f3stico del \u00e1rea de desempe\u00f1o y un proyecto de mejora, que podr\u00e1 ser acompa\u00f1ado posteriormente como asistencia t\u00e9cnica por la Comisi\u00f3n de Capacitaci\u00f3n del CoFAE.<\/p>\n<p>Los interesados en participar deber\u00e1n comunicarse con el Archivo General de la Provincia enviando un mail a\u00a0<span id=\"cloakb2b56a1a9d528e67afadbb4f48c1d80a\"><a href=\"mailto:archivogeneral@sanjuan.gov.ar\">archivogeneral@sanjuan.gov.ar<\/a><\/span>.<\/p>\n<p>El programa completo y el listado de contactos provinciales est\u00e1n disponibles pr\u00f3ximamente en la web<\/p>\n<p><a href=\"https:\/\/www.argentina.gob.ar\/interior\/archivo-general-de-la-nacion\">https:\/\/www.argentina.gob.ar\/interior\/archivo-general-de-la-nacion<\/a><\/p>\n<p>Esta iniciativa se enmarca en el trabajo conjunto entre el Archivo General de la Provincia, dependiente de la Secretar\u00eda de Relaciones Institucionales y el CoFAE, orientado a fortalecer las capacidades t\u00e9cnicas del personal archiv\u00edstico y promover una gesti\u00f3n documental m\u00e1s eficiente, moderna y acorde a las exigencias actuales.<\/p>\n<p>&nbsp;<\/p>\n<p><img loading=\"lazy\" decoding=\"async\" class=\"alignnone size-full wp-image-32323\" src=\"https:\/\/vocesparalelas.com.ar\/sitio\/wp-content\/uploads\/2020\/10\/UNSJ-ARCHIVO.jpg\" alt=\"\" width=\"800\" height=\"600\" srcset=\"https:\/\/vocesparalelas.com.ar\/sitio\/wp-content\/uploads\/2020\/10\/UNSJ-ARCHIVO.jpg 800w, https:\/\/vocesparalelas.com.ar\/sitio\/wp-content\/uploads\/2020\/10\/UNSJ-ARCHIVO-300x225.jpg 300w, https:\/\/vocesparalelas.com.ar\/sitio\/wp-content\/uploads\/2020\/10\/UNSJ-ARCHIVO-768x576.jpg 768w\" sizes=\"auto, (max-width: 800px) 100vw, 800px\" \/><\/p>\n","protected":false},"excerpt":{"rendered":"<p>El Ministerio de Gobierno de San Juan inform\u00f3 que se realiza el curso virtual \u201cHerramientas para la Gesti\u00f3n de Documentaci\u00f3n<\/p>\n","protected":false},"author":3,"featured_media":90490,"comment_status":"closed","ping_status":"closed","sticky":false,"template":"","format":"standard","meta":{"_acf_changed":false,"_seopress_robots_primary_cat":"none","_seopress_titles_title":"","_seopress_titles_desc":"","_seopress_robots_index":"","colormag_page_container_layout":"default_layout","colormag_page_sidebar_layout":"default_layout","footnotes":""},"categories":[9],"tags":[],"class_list":["post-95707","post","type-post","status-publish","format-standard","has-post-thumbnail","hentry","category-cursos"],"acf":[],"_links":{"self":[{"href":"https:\/\/vocesparalelas.com.ar\/sitio\/wp-json\/wp\/v2\/posts\/95707","targetHints":{"allow":["GET"]}}],"collection":[{"href":"https:\/\/vocesparalelas.com.ar\/sitio\/wp-json\/wp\/v2\/posts"}],"about":[{"href":"https:\/\/vocesparalelas.com.ar\/sitio\/wp-json\/wp\/v2\/types\/post"}],"author":[{"embeddable":true,"href":"https:\/\/vocesparalelas.com.ar\/sitio\/wp-json\/wp\/v2\/users\/3"}],"replies":[{"embeddable":true,"href":"https:\/\/vocesparalelas.com.ar\/sitio\/wp-json\/wp\/v2\/comments?post=95707"}],"version-history":[{"count":1,"href":"https:\/\/vocesparalelas.com.ar\/sitio\/wp-json\/wp\/v2\/posts\/95707\/revisions"}],"predecessor-version":[{"id":95710,"href":"https:\/\/vocesparalelas.com.ar\/sitio\/wp-json\/wp\/v2\/posts\/95707\/revisions\/95710"}],"wp:featuredmedia":[{"embeddable":true,"href":"https:\/\/vocesparalelas.com.ar\/sitio\/wp-json\/wp\/v2\/media\/90490"}],"wp:attachment":[{"href":"https:\/\/vocesparalelas.com.ar\/sitio\/wp-json\/wp\/v2\/media?parent=95707"}],"wp:term":[{"taxonomy":"category","embeddable":true,"href":"https:\/\/vocesparalelas.com.ar\/sitio\/wp-json\/wp\/v2\/categories?post=95707"},{"taxonomy":"post_tag","embeddable":true,"href":"https:\/\/vocesparalelas.com.ar\/sitio\/wp-json\/wp\/v2\/tags?post=95707"}],"curies":[{"name":"wp","href":"https:\/\/api.w.org\/{rel}","templated":true}]}}