{"id":95691,"date":"2026-01-11T17:47:53","date_gmt":"2026-01-11T20:47:53","guid":{"rendered":"https:\/\/vocesparalelas.com.ar\/sitio\/?p=95691"},"modified":"2026-01-13T22:17:10","modified_gmt":"2026-01-14T01:17:10","slug":"horario-de-verano-2026-para-la-atencion-del-publico-en-la-casa-natal-de-sarmiento-de-san-juan","status":"publish","type":"post","link":"https:\/\/vocesparalelas.com.ar\/sitio\/horario-de-verano-2026-para-la-atencion-del-publico-en-la-casa-natal-de-sarmiento-de-san-juan\/","title":{"rendered":"Horario de Verano 2026 para la atenci\u00f3n del P\u00fablico en la Casa Natal de Sarmiento de San Juan"},"content":{"rendered":"<p>El Museo y Biblioteca Casa Natal de Sarmiento informa a la comunidad la implementaci\u00f3n de un nuevo formato de atenci\u00f3n al p\u00fablico, que rige desde el 12 de Enero y hasta el 31 de Marzo de 2026, en el marco del horario de verano.<\/p>\n<p>La atenci\u00f3n se desarrolla mediante visitas guiadas con recorridos por los espacios exteriores e interiores del museo en los horarios establecidos para el p\u00fablico. Cada visita cuenta con un cupo m\u00e1ximo de 25 personas, considerando la din\u00e1mica del recorrido, la capacidad de carga de las salas y las medidas de seguridad vinculadas a la actividad s\u00edsmica.<\/p>\n<p>Durante las visitas guiadas se aborda la historia del museo en sus distintas etapas, como casa familiar y como casa museo, as\u00ed como la vida y obra de Domingo Faustino Sarmiento.<\/p>\n<p>En el caso de grupos mayores a 25 personas o de solicitudes fuera de los horarios pautados, se realizar\u00e1n referencias hist\u00f3ricas en los patios exteriores del museo.<\/p>\n<p>Esta modalidad permite ampliar la capacidad de atenci\u00f3n sin comprometer la seguridad ni la calidad de la experiencia, manteniendo el desarrollo del relato hist\u00f3rico del sitio y de la figura de Sarmiento.<\/p>\n<p><strong><span style=\"color: #ff6600;\">Horarios de atenci\u00f3n<\/span><\/strong><\/p>\n<ul>\n<li>Museo y Biblioteca Casa Natal de Sarmiento<\/li>\n<li>Lunes, martes, jueves, viernes, s\u00e1bados, domingos y feriados: de 9 a 13 h y de 17 a 21 h<\/li>\n<li>Mi\u00e9rcoles: cerrado al p\u00fablico<\/li>\n<\/ul>\n<p><strong><span style=\"color: #ff6600;\">Horarios de visitas guiadas<\/span><\/strong><\/p>\n<ul>\n<li>Lunes, martes, jueves, viernes, s\u00e1bados, domingos y feriados<\/li>\n<li>Turno ma\u00f1ana: 10:00 y 12:00 h<\/li>\n<li>Turno tarde: 18:00 y 20:00 h<\/li>\n<\/ul>\n<p><iframe loading=\"lazy\" title=\"CASA NATAL DE SARMIENTO\" width=\"800\" height=\"450\" src=\"https:\/\/www.youtube.com\/embed\/8DY8-FrnTzg?feature=oembed\" frameborder=\"0\" allow=\"accelerometer; autoplay; clipboard-write; encrypted-media; gyroscope; picture-in-picture; web-share\" referrerpolicy=\"strict-origin-when-cross-origin\" allowfullscreen><\/iframe><\/p>\n<p>&nbsp;<\/p>\n<p>Sin otro particular, se comunica el presente esquema con el fin de garantizar una atenci\u00f3n ordenada, segura y de calidad para todos los visitantes del Museo y Biblioteca Casa Natal de Sarmiento.<\/p>\n<p>&nbsp;<\/p>\n<p><img loading=\"lazy\" decoding=\"async\" class=\"alignnone size-large wp-image-25888\" src=\"https:\/\/vocesparalelas.com.ar\/sitio\/wp-content\/uploads\/2019\/12\/CASA-SARMIENTO-20-800x600.jpg\" alt=\"\" width=\"800\" height=\"600\" srcset=\"https:\/\/vocesparalelas.com.ar\/sitio\/wp-content\/uploads\/2019\/12\/CASA-SARMIENTO-20.jpg 800w, https:\/\/vocesparalelas.com.ar\/sitio\/wp-content\/uploads\/2019\/12\/CASA-SARMIENTO-20-300x225.jpg 300w, https:\/\/vocesparalelas.com.ar\/sitio\/wp-content\/uploads\/2019\/12\/CASA-SARMIENTO-20-768x576.jpg 768w\" sizes=\"auto, (max-width: 800px) 100vw, 800px\" \/><\/p>\n","protected":false},"excerpt":{"rendered":"<p>El Museo y Biblioteca Casa Natal de Sarmiento informa a la comunidad la implementaci\u00f3n de un nuevo formato de atenci\u00f3n<\/p>\n","protected":false},"author":3,"featured_media":83173,"comment_status":"closed","ping_status":"closed","sticky":false,"template":"","format":"standard","meta":{"_acf_changed":false,"_seopress_robots_primary_cat":"none","_seopress_titles_title":"","_seopress_titles_desc":"","_seopress_robots_index":"","colormag_page_container_layout":"default_layout","colormag_page_sidebar_layout":"default_layout","footnotes":""},"categories":[6,7],"tags":[],"class_list":["post-95691","post","type-post","status-publish","format-standard","has-post-thumbnail","hentry","category-eventos","category-videos"],"acf":[],"_links":{"self":[{"href":"https:\/\/vocesparalelas.com.ar\/sitio\/wp-json\/wp\/v2\/posts\/95691","targetHints":{"allow":["GET"]}}],"collection":[{"href":"https:\/\/vocesparalelas.com.ar\/sitio\/wp-json\/wp\/v2\/posts"}],"about":[{"href":"https:\/\/vocesparalelas.com.ar\/sitio\/wp-json\/wp\/v2\/types\/post"}],"author":[{"embeddable":true,"href":"https:\/\/vocesparalelas.com.ar\/sitio\/wp-json\/wp\/v2\/users\/3"}],"replies":[{"embeddable":true,"href":"https:\/\/vocesparalelas.com.ar\/sitio\/wp-json\/wp\/v2\/comments?post=95691"}],"version-history":[{"count":3,"href":"https:\/\/vocesparalelas.com.ar\/sitio\/wp-json\/wp\/v2\/posts\/95691\/revisions"}],"predecessor-version":[{"id":95696,"href":"https:\/\/vocesparalelas.com.ar\/sitio\/wp-json\/wp\/v2\/posts\/95691\/revisions\/95696"}],"wp:featuredmedia":[{"embeddable":true,"href":"https:\/\/vocesparalelas.com.ar\/sitio\/wp-json\/wp\/v2\/media\/83173"}],"wp:attachment":[{"href":"https:\/\/vocesparalelas.com.ar\/sitio\/wp-json\/wp\/v2\/media?parent=95691"}],"wp:term":[{"taxonomy":"category","embeddable":true,"href":"https:\/\/vocesparalelas.com.ar\/sitio\/wp-json\/wp\/v2\/categories?post=95691"},{"taxonomy":"post_tag","embeddable":true,"href":"https:\/\/vocesparalelas.com.ar\/sitio\/wp-json\/wp\/v2\/tags?post=95691"}],"curies":[{"name":"wp","href":"https:\/\/api.w.org\/{rel}","templated":true}]}}