{"id":95682,"date":"2026-01-09T20:43:57","date_gmt":"2026-01-09T23:43:57","guid":{"rendered":"https:\/\/vocesparalelas.com.ar\/sitio\/?p=95682"},"modified":"2026-01-13T22:18:31","modified_gmt":"2026-01-14T01:18:31","slug":"habilitan-servicio-de-limpieza-y-clasificacion-de-semillas-horticolas-en-san-juan","status":"publish","type":"post","link":"https:\/\/vocesparalelas.com.ar\/sitio\/habilitan-servicio-de-limpieza-y-clasificacion-de-semillas-horticolas-en-san-juan\/","title":{"rendered":"Habilitan servicio de limpieza y clasificaci\u00f3n de semillas hort\u00edcolas en San Juan"},"content":{"rendered":"<p>El Instituto Hort\u00edcola Semillero Provincial &#8211; INSEMI &#8211; pone a disposici\u00f3n de productores y emprendedores su planta tecnificada a partir del 19 de Enero de 2026. El objetivo es optimizar la calidad de la semilla local mediante equipamiento especializado .<\/p>\n<p>La Secretar\u00eda de Agricultura, Ganader\u00eda y Agroindustria del Ministerio de Producci\u00f3n, Trabajo e Innovaci\u00f3n del Gobierno de San Juan, a trav\u00e9s de la Direcci\u00f3n de Desarrollo Agropecuario y el Instituto Hort\u00edcola Semillero Provincial (INSEMI), informa que a partir del 19 de enero se encuentra habilitado el servicio de limpieza y clasificaci\u00f3n de semillas hort\u00edcolas, destinado a productores y emprendedores del sector.<\/p>\n<p>El servicio, que incluye el uso de m\u00e1quinas de zarandas, mesa vibradora y seleccionadora por color, busca fortalecer la cadena de valor hort\u00edcola provincial. Los interesados deben solicitar turno previamente en el horario de atenci\u00f3n administrativa.<\/p>\n<p>El Instituto Semillero dispone del equipamiento necesario para brindar este servicio, que incluye m\u00e1quina de zarandas, mesa vibradora, desbarbadora de zanahoria y m\u00e1quina seleccionadora por color, permitiendo optimizar la calidad de las semillas para una mejor productividad y comercializaci\u00f3n.<\/p>\n<p>El horario de atenci\u00f3n es de lunes a viernes, de 7:30 a 13:30 horas. La solicitud de turno y contacto: Ing. Agr. Juan Manuel Marino, Coordinador del \u00e1rea de Fiscalizaci\u00f3n y planta de clasificaci\u00f3n y limpieza de semillas.<br \/>\nTel\u00e9fono: 264 411 7657. Direcci\u00f3n: Coll 3671 Oeste, Departamento Rivadavia.<\/p>\n<p><img loading=\"lazy\" decoding=\"async\" class=\"alignnone size-full wp-image-65642\" src=\"https:\/\/vocesparalelas.com.ar\/sitio\/wp-content\/uploads\/2023\/11\/GOBIERNO-SAN-JUAN.jpg\" alt=\"\" width=\"800\" height=\"600\" srcset=\"https:\/\/vocesparalelas.com.ar\/sitio\/wp-content\/uploads\/2023\/11\/GOBIERNO-SAN-JUAN.jpg 800w, https:\/\/vocesparalelas.com.ar\/sitio\/wp-content\/uploads\/2023\/11\/GOBIERNO-SAN-JUAN-300x225.jpg 300w, https:\/\/vocesparalelas.com.ar\/sitio\/wp-content\/uploads\/2023\/11\/GOBIERNO-SAN-JUAN-768x576.jpg 768w\" sizes=\"auto, (max-width: 800px) 100vw, 800px\" \/><\/p>\n","protected":false},"excerpt":{"rendered":"<p>El Instituto Hort\u00edcola Semillero Provincial &#8211; INSEMI &#8211; pone a disposici\u00f3n de productores y emprendedores su planta tecnificada a partir<\/p>\n","protected":false},"author":3,"featured_media":95685,"comment_status":"closed","ping_status":"closed","sticky":false,"template":"","format":"standard","meta":{"_acf_changed":false,"_seopress_robots_primary_cat":"none","_seopress_titles_title":"","_seopress_titles_desc":"","_seopress_robots_index":"","colormag_page_container_layout":"default_layout","colormag_page_sidebar_layout":"default_layout","footnotes":""},"categories":[2],"tags":[],"class_list":["post-95682","post","type-post","status-publish","format-standard","has-post-thumbnail","hentry","category-convocatorias"],"acf":[],"_links":{"self":[{"href":"https:\/\/vocesparalelas.com.ar\/sitio\/wp-json\/wp\/v2\/posts\/95682","targetHints":{"allow":["GET"]}}],"collection":[{"href":"https:\/\/vocesparalelas.com.ar\/sitio\/wp-json\/wp\/v2\/posts"}],"about":[{"href":"https:\/\/vocesparalelas.com.ar\/sitio\/wp-json\/wp\/v2\/types\/post"}],"author":[{"embeddable":true,"href":"https:\/\/vocesparalelas.com.ar\/sitio\/wp-json\/wp\/v2\/users\/3"}],"replies":[{"embeddable":true,"href":"https:\/\/vocesparalelas.com.ar\/sitio\/wp-json\/wp\/v2\/comments?post=95682"}],"version-history":[{"count":1,"href":"https:\/\/vocesparalelas.com.ar\/sitio\/wp-json\/wp\/v2\/posts\/95682\/revisions"}],"predecessor-version":[{"id":95686,"href":"https:\/\/vocesparalelas.com.ar\/sitio\/wp-json\/wp\/v2\/posts\/95682\/revisions\/95686"}],"wp:featuredmedia":[{"embeddable":true,"href":"https:\/\/vocesparalelas.com.ar\/sitio\/wp-json\/wp\/v2\/media\/95685"}],"wp:attachment":[{"href":"https:\/\/vocesparalelas.com.ar\/sitio\/wp-json\/wp\/v2\/media?parent=95682"}],"wp:term":[{"taxonomy":"category","embeddable":true,"href":"https:\/\/vocesparalelas.com.ar\/sitio\/wp-json\/wp\/v2\/categories?post=95682"},{"taxonomy":"post_tag","embeddable":true,"href":"https:\/\/vocesparalelas.com.ar\/sitio\/wp-json\/wp\/v2\/tags?post=95682"}],"curies":[{"name":"wp","href":"https:\/\/api.w.org\/{rel}","templated":true}]}}