{"id":95677,"date":"2026-01-08T21:31:32","date_gmt":"2026-01-09T00:31:32","guid":{"rendered":"https:\/\/vocesparalelas.com.ar\/sitio\/?p=95677"},"modified":"2026-01-12T22:46:34","modified_gmt":"2026-01-13T01:46:34","slug":"campana-de-vacunacion-contra-el-virus-sincicial-respiratorio-2026-en-san-juan","status":"publish","type":"post","link":"https:\/\/vocesparalelas.com.ar\/sitio\/campana-de-vacunacion-contra-el-virus-sincicial-respiratorio-2026-en-san-juan\/","title":{"rendered":"Campa\u00f1a de Vacunaci\u00f3n contra el Virus Sincicial Respiratorio 2026 en San Juan"},"content":{"rendered":"<p>El Lunes, 12 de Enero de 2026, a las 10 hs, en la Plaza Seca del Centro C\u00edvico, Ciudad de San Juan se desarrolla el inicio de la Campa\u00f1a de Vacunaci\u00f3n contra el Virus Sincicial Respiratorio 2026 y firma de Acta Compromiso Institucional con entidades de salud.<\/p>\n<p>Por ello, el Ministro de Salud del Gobierno de San Juan, Dr. Amilcar Dobladez, el Secretario T\u00e9cnico, Dr. Alejandro Navarta; la jefa de Medicina Sanitaria, Dra. Cecilia Clavijo; la jefa de Epidemiolog\u00eda, Dra. Liliana Bertoni y el Programa Ampliado de Inmunizaciones invitan a la comunidad a sumarse a la campa\u00f1a.<\/p>\n<p><img loading=\"lazy\" decoding=\"async\" class=\"alignnone size-full wp-image-65642\" src=\"https:\/\/vocesparalelas.com.ar\/sitio\/wp-content\/uploads\/2023\/11\/GOBIERNO-SAN-JUAN.jpg\" alt=\"\" width=\"800\" height=\"600\" srcset=\"https:\/\/vocesparalelas.com.ar\/sitio\/wp-content\/uploads\/2023\/11\/GOBIERNO-SAN-JUAN.jpg 800w, https:\/\/vocesparalelas.com.ar\/sitio\/wp-content\/uploads\/2023\/11\/GOBIERNO-SAN-JUAN-300x225.jpg 300w, https:\/\/vocesparalelas.com.ar\/sitio\/wp-content\/uploads\/2023\/11\/GOBIERNO-SAN-JUAN-768x576.jpg 768w\" sizes=\"auto, (max-width: 800px) 100vw, 800px\" \/><\/p>\n","protected":false},"excerpt":{"rendered":"<p>El Lunes, 12 de Enero de 2026, a las 10 hs, en la Plaza Seca del Centro C\u00edvico, Ciudad de<\/p>\n","protected":false},"author":3,"featured_media":3895,"comment_status":"closed","ping_status":"closed","sticky":false,"template":"","format":"standard","meta":{"_acf_changed":false,"_seopress_robots_primary_cat":"none","_seopress_titles_title":"","_seopress_titles_desc":"","_seopress_robots_index":"","colormag_page_container_layout":"default_layout","colormag_page_sidebar_layout":"default_layout","footnotes":""},"categories":[1],"tags":[],"class_list":["post-95677","post","type-post","status-publish","format-standard","has-post-thumbnail","hentry","category-destacadas"],"acf":[],"_links":{"self":[{"href":"https:\/\/vocesparalelas.com.ar\/sitio\/wp-json\/wp\/v2\/posts\/95677","targetHints":{"allow":["GET"]}}],"collection":[{"href":"https:\/\/vocesparalelas.com.ar\/sitio\/wp-json\/wp\/v2\/posts"}],"about":[{"href":"https:\/\/vocesparalelas.com.ar\/sitio\/wp-json\/wp\/v2\/types\/post"}],"author":[{"embeddable":true,"href":"https:\/\/vocesparalelas.com.ar\/sitio\/wp-json\/wp\/v2\/users\/3"}],"replies":[{"embeddable":true,"href":"https:\/\/vocesparalelas.com.ar\/sitio\/wp-json\/wp\/v2\/comments?post=95677"}],"version-history":[{"count":1,"href":"https:\/\/vocesparalelas.com.ar\/sitio\/wp-json\/wp\/v2\/posts\/95677\/revisions"}],"predecessor-version":[{"id":95680,"href":"https:\/\/vocesparalelas.com.ar\/sitio\/wp-json\/wp\/v2\/posts\/95677\/revisions\/95680"}],"wp:featuredmedia":[{"embeddable":true,"href":"https:\/\/vocesparalelas.com.ar\/sitio\/wp-json\/wp\/v2\/media\/3895"}],"wp:attachment":[{"href":"https:\/\/vocesparalelas.com.ar\/sitio\/wp-json\/wp\/v2\/media?parent=95677"}],"wp:term":[{"taxonomy":"category","embeddable":true,"href":"https:\/\/vocesparalelas.com.ar\/sitio\/wp-json\/wp\/v2\/categories?post=95677"},{"taxonomy":"post_tag","embeddable":true,"href":"https:\/\/vocesparalelas.com.ar\/sitio\/wp-json\/wp\/v2\/tags?post=95677"}],"curies":[{"name":"wp","href":"https:\/\/api.w.org\/{rel}","templated":true}]}}