{"id":95674,"date":"2026-01-08T20:24:33","date_gmt":"2026-01-08T23:24:33","guid":{"rendered":"https:\/\/vocesparalelas.com.ar\/sitio\/?p=95674"},"modified":"2026-01-12T22:52:01","modified_gmt":"2026-01-13T01:52:01","slug":"agenda-deportiva-en-san-juan","status":"publish","type":"post","link":"https:\/\/vocesparalelas.com.ar\/sitio\/agenda-deportiva-en-san-juan\/","title":{"rendered":"Agenda deportiva en San Juan"},"content":{"rendered":"<p>Entre el 10 y 11 de enero, se corre la primera carrera del a\u00f1o de MTB, se define el Mundialito de Trinidad y qu\u00e9 equipo sigue en el Regional Amateur de f\u00fatbol.<\/p>\n<p><span style=\"color: #ff6600;\"><strong>Mountain bike<\/strong><\/span><\/p>\n<p>El S\u00e1bado, 10 de Enero, con la organizaci\u00f3n de Los Zorros MTB, se disputa la primera carrera del a\u00f1o de mountain bike con el Circuito Aniversario Albard\u00f3n, que se realiza en las inmediaciones del Complejo de velocidad Albard\u00f3n, con concentraci\u00f3n a las 18 y largada a las 18:45 horas.<\/p>\n<p>El circuito de 8 km tiene cuatro vueltas para las categor\u00edas Elite, Master A y B; tres giros para Master C y D al igual que para Femenino Elite Master A y B y Promo A y B Masculino; en dos oportunidades lo har\u00e1n Promo A y B Femenino y Principiantes Varones y una vuelta para Principiantes Femenino.<\/p>\n<p><span style=\"color: #ff6600;\"><strong>F\u00fatbol infantil<\/strong><\/span><\/p>\n<p>El Mundialito del Club Atl\u00e9tico Trinidad, en su trig\u00e9sima segunda edici\u00f3n se sigue disputando con equipos locales, nacionales e internacionales, contando con siete categor\u00edas en juego (2013\/2014 hasta 2019\/2020), y m\u00e1s de 3000 futbolistas.<\/p>\n<p>Los partidos se jugaron durante toda la semana en cuatro canchas: Club Atl\u00e9tico Trinidad, predio H\u00e9ctor Literas, las canchas auxiliares del Bicentenario y las instalaciones del Sindicato Empleados de Comercio y las finales ser\u00e1n en el Estadio del Bicentenario el s\u00e1bado 10 de enero.<\/p>\n<p><span style=\"color: #ff6600;\"><strong>F\u00fatbol<\/strong><\/span><\/p>\n<p>El Domingo, 11 de Enero, a las 17:30 horas, en el estadio Augusto Pulenta, en el departamento San Mart\u00edn, el Torneo Regional Amateur determinar\u00e1 el equipo sanjuanino que sigue en carrera para la pr\u00f3xima fase.<\/p>\n<p>El local Pe\u00f1aflor recibe a Uni\u00f3n de Villa Krause, recordando que en el partido de ida, los azules de Rawson ganaron 2-0. El encuentro ser\u00e1 dirigido por Luis Mart\u00ednez, de San Rafael.<\/p>\n<p><span style=\"color: #ff6600;\"><strong>Ciclismo<\/strong><\/span><\/p>\n<p>El ciclismo de categor\u00eda Libres y Master disputa el Circuito Caucete \u2013 25 de mayo, organizado por la Agrupaci\u00f3n de provincial de ciclismo Libres y Master con concentraci\u00f3n a las 15 horas y largada a las 16 horas en Plaza de Caucete y llegada en calle 4, localidad Santa Rosa, Departamento Caucete.<\/p>\n<p><img loading=\"lazy\" decoding=\"async\" class=\"alignnone size-full wp-image-65642\" src=\"https:\/\/vocesparalelas.com.ar\/sitio\/wp-content\/uploads\/2023\/11\/GOBIERNO-SAN-JUAN.jpg\" alt=\"\" width=\"800\" height=\"600\" srcset=\"https:\/\/vocesparalelas.com.ar\/sitio\/wp-content\/uploads\/2023\/11\/GOBIERNO-SAN-JUAN.jpg 800w, https:\/\/vocesparalelas.com.ar\/sitio\/wp-content\/uploads\/2023\/11\/GOBIERNO-SAN-JUAN-300x225.jpg 300w, https:\/\/vocesparalelas.com.ar\/sitio\/wp-content\/uploads\/2023\/11\/GOBIERNO-SAN-JUAN-768x576.jpg 768w\" sizes=\"auto, (max-width: 800px) 100vw, 800px\" \/><\/p>\n","protected":false},"excerpt":{"rendered":"<p>Entre el 10 y 11 de enero, se corre la primera carrera del a\u00f1o de MTB, se define el Mundialito<\/p>\n","protected":false},"author":3,"featured_media":26663,"comment_status":"closed","ping_status":"closed","sticky":false,"template":"","format":"standard","meta":{"_acf_changed":false,"_seopress_robots_primary_cat":"none","_seopress_titles_title":"","_seopress_titles_desc":"","_seopress_robots_index":"","colormag_page_container_layout":"default_layout","colormag_page_sidebar_layout":"default_layout","footnotes":""},"categories":[1],"tags":[],"class_list":["post-95674","post","type-post","status-publish","format-standard","has-post-thumbnail","hentry","category-destacadas"],"acf":[],"_links":{"self":[{"href":"https:\/\/vocesparalelas.com.ar\/sitio\/wp-json\/wp\/v2\/posts\/95674","targetHints":{"allow":["GET"]}}],"collection":[{"href":"https:\/\/vocesparalelas.com.ar\/sitio\/wp-json\/wp\/v2\/posts"}],"about":[{"href":"https:\/\/vocesparalelas.com.ar\/sitio\/wp-json\/wp\/v2\/types\/post"}],"author":[{"embeddable":true,"href":"https:\/\/vocesparalelas.com.ar\/sitio\/wp-json\/wp\/v2\/users\/3"}],"replies":[{"embeddable":true,"href":"https:\/\/vocesparalelas.com.ar\/sitio\/wp-json\/wp\/v2\/comments?post=95674"}],"version-history":[{"count":1,"href":"https:\/\/vocesparalelas.com.ar\/sitio\/wp-json\/wp\/v2\/posts\/95674\/revisions"}],"predecessor-version":[{"id":95681,"href":"https:\/\/vocesparalelas.com.ar\/sitio\/wp-json\/wp\/v2\/posts\/95674\/revisions\/95681"}],"wp:featuredmedia":[{"embeddable":true,"href":"https:\/\/vocesparalelas.com.ar\/sitio\/wp-json\/wp\/v2\/media\/26663"}],"wp:attachment":[{"href":"https:\/\/vocesparalelas.com.ar\/sitio\/wp-json\/wp\/v2\/media?parent=95674"}],"wp:term":[{"taxonomy":"category","embeddable":true,"href":"https:\/\/vocesparalelas.com.ar\/sitio\/wp-json\/wp\/v2\/categories?post=95674"},{"taxonomy":"post_tag","embeddable":true,"href":"https:\/\/vocesparalelas.com.ar\/sitio\/wp-json\/wp\/v2\/tags?post=95674"}],"curies":[{"name":"wp","href":"https:\/\/api.w.org\/{rel}","templated":true}]}}