{"id":95656,"date":"2026-01-08T23:58:18","date_gmt":"2026-01-09T02:58:18","guid":{"rendered":"https:\/\/vocesparalelas.com.ar\/sitio\/?p=95656"},"modified":"2026-01-08T23:58:18","modified_gmt":"2026-01-09T02:58:18","slug":"estado-de-rutas-provinciales-de-san-juan-por-alerta-de-inundaciones","status":"publish","type":"post","link":"https:\/\/vocesparalelas.com.ar\/sitio\/estado-de-rutas-provinciales-de-san-juan-por-alerta-de-inundaciones\/","title":{"rendered":"Estado de Rutas Provinciales de San Juan por alerta de inundaciones"},"content":{"rendered":"<p>La Direcci\u00f3n Provincial de Vialidad de San Juan informa sobre el estado de las rutas y solicita precauci\u00f3n vehicular.<\/p>\n<p><strong><span style=\"color: #ff6600;\">Departamento Iglesia<\/span><\/strong><\/p>\n<ul>\n<li>RP-430: Transitable con precauci\u00f3n solo para veh\u00edculos 4&#215;4, desde La Chigua hasta Reserva Parque Nacional San Guillermo, por obras de la empresa Vicu\u00f1a.<\/li>\n<li>RP-483: Transitable con m\u00e1xima precauci\u00f3n por lluvia en Bauchazeta.<\/li>\n<\/ul>\n<p><span style=\"color: #ff6600;\"><strong>Departamento Ullum<\/strong><\/span><\/p>\n<ul>\n<li>RP-60: Transitable con precauci\u00f3n en zona de badenes.<\/li>\n<\/ul>\n<p><strong><span style=\"color: #ff6600;\">Departamento Zonda<\/span><\/strong><\/p>\n<ul>\n<li>RP-12: Transitable con mucha precauci\u00f3n a la altura de Quebrada de Zonda.<\/li>\n<\/ul>\n<p><span style=\"color: #ff6600;\"><strong>Departamento Calingasta<\/strong><\/span><\/p>\n<ul>\n<li>RP-400: intransitable, camino Pampa del Indio, Las Caletas.<\/li>\n<\/ul>\n<p><strong><span style=\"color: #ff6600;\">Departamento Valle F\u00e9rtil<\/span><\/strong><\/p>\n<ul>\n<li>Departamento aislado: RP-510 al norte y al sur, INTRANSITABLE.<\/li>\n<li>Sierras de Riveros, Elizondo y de Chaves, INTRANSITABLE. SE RECOMIENDA NO VIAJAR.<\/li>\n<\/ul>\n<p><strong><span style=\"color: #ff6600;\">Departamento J\u00e1chal<\/span><\/strong><\/p>\n<ul>\n<li>RP-475: Transitable con precauci\u00f3n en zona de badenes, en Mogna.<\/li>\n<\/ul>\n<p>Se recomienda transitar con mucha precauci\u00f3n, respetar l\u00edmites de velocidad e indicaciones del personal a cargo. El resto de las rutas de la provincia se encuentran transitables con precauci\u00f3n.<\/p>\n<p><img loading=\"lazy\" decoding=\"async\" class=\"alignnone size-full wp-image-65642\" src=\"https:\/\/vocesparalelas.com.ar\/sitio\/wp-content\/uploads\/2023\/11\/GOBIERNO-SAN-JUAN.jpg\" alt=\"\" width=\"800\" height=\"600\" srcset=\"https:\/\/vocesparalelas.com.ar\/sitio\/wp-content\/uploads\/2023\/11\/GOBIERNO-SAN-JUAN.jpg 800w, https:\/\/vocesparalelas.com.ar\/sitio\/wp-content\/uploads\/2023\/11\/GOBIERNO-SAN-JUAN-300x225.jpg 300w, https:\/\/vocesparalelas.com.ar\/sitio\/wp-content\/uploads\/2023\/11\/GOBIERNO-SAN-JUAN-768x576.jpg 768w\" sizes=\"auto, (max-width: 800px) 100vw, 800px\" \/><\/p>\n<p>&nbsp;<\/p>\n","protected":false},"excerpt":{"rendered":"<p>La Direcci\u00f3n Provincial de Vialidad de San Juan informa sobre el estado de las rutas y solicita precauci\u00f3n vehicular. Departamento<\/p>\n","protected":false},"author":3,"featured_media":6984,"comment_status":"closed","ping_status":"closed","sticky":false,"template":"","format":"standard","meta":{"_acf_changed":false,"_seopress_robots_primary_cat":"none","_seopress_titles_title":"","_seopress_titles_desc":"","_seopress_robots_index":"","colormag_page_container_layout":"default_layout","colormag_page_sidebar_layout":"default_layout","footnotes":""},"categories":[1],"tags":[],"class_list":["post-95656","post","type-post","status-publish","format-standard","has-post-thumbnail","hentry","category-destacadas"],"acf":[],"_links":{"self":[{"href":"https:\/\/vocesparalelas.com.ar\/sitio\/wp-json\/wp\/v2\/posts\/95656","targetHints":{"allow":["GET"]}}],"collection":[{"href":"https:\/\/vocesparalelas.com.ar\/sitio\/wp-json\/wp\/v2\/posts"}],"about":[{"href":"https:\/\/vocesparalelas.com.ar\/sitio\/wp-json\/wp\/v2\/types\/post"}],"author":[{"embeddable":true,"href":"https:\/\/vocesparalelas.com.ar\/sitio\/wp-json\/wp\/v2\/users\/3"}],"replies":[{"embeddable":true,"href":"https:\/\/vocesparalelas.com.ar\/sitio\/wp-json\/wp\/v2\/comments?post=95656"}],"version-history":[{"count":1,"href":"https:\/\/vocesparalelas.com.ar\/sitio\/wp-json\/wp\/v2\/posts\/95656\/revisions"}],"predecessor-version":[{"id":95659,"href":"https:\/\/vocesparalelas.com.ar\/sitio\/wp-json\/wp\/v2\/posts\/95656\/revisions\/95659"}],"wp:featuredmedia":[{"embeddable":true,"href":"https:\/\/vocesparalelas.com.ar\/sitio\/wp-json\/wp\/v2\/media\/6984"}],"wp:attachment":[{"href":"https:\/\/vocesparalelas.com.ar\/sitio\/wp-json\/wp\/v2\/media?parent=95656"}],"wp:term":[{"taxonomy":"category","embeddable":true,"href":"https:\/\/vocesparalelas.com.ar\/sitio\/wp-json\/wp\/v2\/categories?post=95656"},{"taxonomy":"post_tag","embeddable":true,"href":"https:\/\/vocesparalelas.com.ar\/sitio\/wp-json\/wp\/v2\/tags?post=95656"}],"curies":[{"name":"wp","href":"https:\/\/api.w.org\/{rel}","templated":true}]}}