{"id":95651,"date":"2026-01-08T23:37:55","date_gmt":"2026-01-09T02:37:55","guid":{"rendered":"https:\/\/vocesparalelas.com.ar\/sitio\/?p=95651"},"modified":"2026-01-08T23:37:55","modified_gmt":"2026-01-09T02:37:55","slug":"origen-san-juan-presente-en-la-costa-atlantica-para-promocionar-su-turismo","status":"publish","type":"post","link":"https:\/\/vocesparalelas.com.ar\/sitio\/origen-san-juan-presente-en-la-costa-atlantica-para-promocionar-su-turismo\/","title":{"rendered":"\u00abOrigen San Juan\u00bb presente en la Costa Atl\u00e1ntica para promocionar su turismo"},"content":{"rendered":"<p>Con un corte de cinta que uni\u00f3 simb\u00f3licamente la brisa marina con el sol cuyano, San Juan inaugur\u00f3 anoche su espacio de promoci\u00f3n tur\u00edstica y comercial en Pinamar: \u201cOrigen San Juan\u201d.<\/p>\n<p>Ubicado en un punto c\u00e9ntrico de Pinamar, el local se convirti\u00f3 de inmediato en un atractivo para turistas que recorr\u00edan la zona, quienes comenzaron a descubrir, entre degustaciones y folleter\u00eda, los atractivos de la provincia que se presenta como una alternativa vigorosa y distinta.<\/p>\n<p>La apertura de \u201cOrigen San Juan\u201d en Pinamar marca un precedente. Se trata de una de las primeras veces que una provincia del interior instala una \u201cembajada\u201d tur\u00edstico-comercial permanente en un destino de veraneo tradicionalmente competidor.<\/p>\n<p>Los turistas podr\u00e1n degustar y adquirir productos locales como vinos, aceites de oliva, dulces regionales y pistachos, entre otros elaborados caracter\u00edsticos de la provincia.<\/p>\n<p>La inauguraci\u00f3n cont\u00f3 con la presencia del intendente de Pinamar, Juan Ibarguren, y las instalaciones fueron bendecidas por el sacerdote a cargo de la parroquia de esa comuna.<\/p>\n<p>Por el Gobierno de San Juan estuvieron el secretario de Coordinaci\u00f3n para el Desarrollo Econ\u00f3mico, Alfredo Aciar; el subsecretario de Turismo, Juan Casta\u00f1ares; y el presidente de Fiduciaria San Juan, Gustavo Gelusini.<\/p>\n<p><img loading=\"lazy\" decoding=\"async\" class=\"alignnone size-full wp-image-65642\" src=\"https:\/\/vocesparalelas.com.ar\/sitio\/wp-content\/uploads\/2023\/11\/GOBIERNO-SAN-JUAN.jpg\" alt=\"\" width=\"800\" height=\"600\" srcset=\"https:\/\/vocesparalelas.com.ar\/sitio\/wp-content\/uploads\/2023\/11\/GOBIERNO-SAN-JUAN.jpg 800w, https:\/\/vocesparalelas.com.ar\/sitio\/wp-content\/uploads\/2023\/11\/GOBIERNO-SAN-JUAN-300x225.jpg 300w, https:\/\/vocesparalelas.com.ar\/sitio\/wp-content\/uploads\/2023\/11\/GOBIERNO-SAN-JUAN-768x576.jpg 768w\" sizes=\"auto, (max-width: 800px) 100vw, 800px\" \/><\/p>\n","protected":false},"excerpt":{"rendered":"<p>Con un corte de cinta que uni\u00f3 simb\u00f3licamente la brisa marina con el sol cuyano, San Juan inaugur\u00f3 anoche su<\/p>\n","protected":false},"author":3,"featured_media":95654,"comment_status":"closed","ping_status":"closed","sticky":false,"template":"","format":"standard","meta":{"_acf_changed":false,"_seopress_robots_primary_cat":"none","_seopress_titles_title":"","_seopress_titles_desc":"","_seopress_robots_index":"","colormag_page_container_layout":"default_layout","colormag_page_sidebar_layout":"default_layout","footnotes":""},"categories":[1],"tags":[],"class_list":["post-95651","post","type-post","status-publish","format-standard","has-post-thumbnail","hentry","category-destacadas"],"acf":[],"_links":{"self":[{"href":"https:\/\/vocesparalelas.com.ar\/sitio\/wp-json\/wp\/v2\/posts\/95651","targetHints":{"allow":["GET"]}}],"collection":[{"href":"https:\/\/vocesparalelas.com.ar\/sitio\/wp-json\/wp\/v2\/posts"}],"about":[{"href":"https:\/\/vocesparalelas.com.ar\/sitio\/wp-json\/wp\/v2\/types\/post"}],"author":[{"embeddable":true,"href":"https:\/\/vocesparalelas.com.ar\/sitio\/wp-json\/wp\/v2\/users\/3"}],"replies":[{"embeddable":true,"href":"https:\/\/vocesparalelas.com.ar\/sitio\/wp-json\/wp\/v2\/comments?post=95651"}],"version-history":[{"count":1,"href":"https:\/\/vocesparalelas.com.ar\/sitio\/wp-json\/wp\/v2\/posts\/95651\/revisions"}],"predecessor-version":[{"id":95655,"href":"https:\/\/vocesparalelas.com.ar\/sitio\/wp-json\/wp\/v2\/posts\/95651\/revisions\/95655"}],"wp:featuredmedia":[{"embeddable":true,"href":"https:\/\/vocesparalelas.com.ar\/sitio\/wp-json\/wp\/v2\/media\/95654"}],"wp:attachment":[{"href":"https:\/\/vocesparalelas.com.ar\/sitio\/wp-json\/wp\/v2\/media?parent=95651"}],"wp:term":[{"taxonomy":"category","embeddable":true,"href":"https:\/\/vocesparalelas.com.ar\/sitio\/wp-json\/wp\/v2\/categories?post=95651"},{"taxonomy":"post_tag","embeddable":true,"href":"https:\/\/vocesparalelas.com.ar\/sitio\/wp-json\/wp\/v2\/tags?post=95651"}],"curies":[{"name":"wp","href":"https:\/\/api.w.org\/{rel}","templated":true}]}}