{"id":95647,"date":"2026-01-09T20:04:32","date_gmt":"2026-01-09T23:04:32","guid":{"rendered":"https:\/\/vocesparalelas.com.ar\/sitio\/?p=95647"},"modified":"2026-01-12T23:33:15","modified_gmt":"2026-01-13T02:33:15","slug":"inscripciones-verano-tech-2026-en-san-juan","status":"publish","type":"post","link":"https:\/\/vocesparalelas.com.ar\/sitio\/inscripciones-verano-tech-2026-en-san-juan\/","title":{"rendered":"Inscripciones \u00abVerano Tech 2026\u00bb en San Juan"},"content":{"rendered":"<p>La provincia de San Juan informa que el Jueves, 8 y el Viernes, 9 de Enero, de 9:00 a 12:00 hs, se realizan las inscripciones presenciales para participar de las actividades del innovador programa Verano Tech en los departamentos de Calingasta, J\u00e1chal, Iglesia y Ullum.<\/p>\n<p>Las inscripciones se llevan a cabo en las escuelas asignadas en cada departamento, donde las familias interesadas podr\u00e1n acercarse para completar la inscripci\u00f3n de ni\u00f1as, ni\u00f1os y adolescentes que deseen participar de los talleres tecnol\u00f3gicos previstos para este verano.<\/p>\n<p>Quienes ya completaron su inscripci\u00f3n a trav\u00e9s del formulario web, no es necesario que concurran de manera presencial: su registro ya fue validado para participar de las actividades.<\/p>\n<p>Verano Tech es una iniciativa del gobernador Marcelo Orrego para que los chicos de manera gratuita se diviertan y capaciten estas vacaciones.<\/p>\n<p>El Gobierno de San Juan articula esta actividad con el trabajo conjunto del Ministerio de Miner\u00eda de San Juan a trav\u00e9s de la Direcci\u00f3n de Desarrollo Minero Sustentable, el Ministerio de Educaci\u00f3n a trav\u00e9s de la Direcci\u00f3n de Educaci\u00f3n T\u00e9cnica y Formaci\u00f3n Profesional, y la Secretar\u00eda de Ciencia, Tecnolog\u00eda e Innovaci\u00f3n del Ministerio de Producci\u00f3n, Trabajo e Innovaci\u00f3n, con el objetivo de acercar experiencias de tecnolog\u00eda, rob\u00f3tica y aprendizaje digital a ni\u00f1os y adolescentes.<\/p>\n<ul>\n<li>Departamento Calingasta: Escuela T\u00e9cnica General Manuel Savio<\/li>\n<li>Departamento J\u00e1chal: Escuela Videla Cuello<\/li>\n<li>Departamento Iglesia: Escuela Cornelio Saavedra<\/li>\n<li>Departamento Ullum: EPET N\u00ba 9 (Escuela de Educaci\u00f3n T\u00e9cnica)<\/li>\n<\/ul>\n<p><span style=\"color: #ff6600;\"><strong>Horario de inscripci\u00f3n presencial\u00a0<\/strong><\/span><\/p>\n<ul>\n<li>De 9:00 a 12:00 hs en cada sede escolar asignada.<\/li>\n<li>Quienes ya se inscribieron mediante el formulario web no necesitan asistir presencialmente<\/li>\n<\/ul>\n<p><img loading=\"lazy\" decoding=\"async\" class=\"alignnone size-full wp-image-69935\" src=\"https:\/\/vocesparalelas.com.ar\/sitio\/wp-content\/uploads\/2024\/03\/CECI-SJ-ROBOTICA-03.jpg\" alt=\"\" width=\"800\" height=\"533\" srcset=\"https:\/\/vocesparalelas.com.ar\/sitio\/wp-content\/uploads\/2024\/03\/CECI-SJ-ROBOTICA-03.jpg 800w, https:\/\/vocesparalelas.com.ar\/sitio\/wp-content\/uploads\/2024\/03\/CECI-SJ-ROBOTICA-03-300x200.jpg 300w, https:\/\/vocesparalelas.com.ar\/sitio\/wp-content\/uploads\/2024\/03\/CECI-SJ-ROBOTICA-03-768x512.jpg 768w\" sizes=\"auto, (max-width: 800px) 100vw, 800px\" \/><\/p>\n","protected":false},"excerpt":{"rendered":"<p>La provincia de San Juan informa que el Jueves, 8 y el Viernes, 9 de Enero, de 9:00 a 12:00<\/p>\n","protected":false},"author":3,"featured_media":81446,"comment_status":"closed","ping_status":"closed","sticky":false,"template":"","format":"standard","meta":{"_acf_changed":false,"_seopress_robots_primary_cat":"none","_seopress_titles_title":"","_seopress_titles_desc":"","_seopress_robots_index":"","colormag_page_container_layout":"default_layout","colormag_page_sidebar_layout":"default_layout","footnotes":""},"categories":[9],"tags":[],"class_list":["post-95647","post","type-post","status-publish","format-standard","has-post-thumbnail","hentry","category-cursos"],"acf":[],"_links":{"self":[{"href":"https:\/\/vocesparalelas.com.ar\/sitio\/wp-json\/wp\/v2\/posts\/95647","targetHints":{"allow":["GET"]}}],"collection":[{"href":"https:\/\/vocesparalelas.com.ar\/sitio\/wp-json\/wp\/v2\/posts"}],"about":[{"href":"https:\/\/vocesparalelas.com.ar\/sitio\/wp-json\/wp\/v2\/types\/post"}],"author":[{"embeddable":true,"href":"https:\/\/vocesparalelas.com.ar\/sitio\/wp-json\/wp\/v2\/users\/3"}],"replies":[{"embeddable":true,"href":"https:\/\/vocesparalelas.com.ar\/sitio\/wp-json\/wp\/v2\/comments?post=95647"}],"version-history":[{"count":1,"href":"https:\/\/vocesparalelas.com.ar\/sitio\/wp-json\/wp\/v2\/posts\/95647\/revisions"}],"predecessor-version":[{"id":95650,"href":"https:\/\/vocesparalelas.com.ar\/sitio\/wp-json\/wp\/v2\/posts\/95647\/revisions\/95650"}],"wp:featuredmedia":[{"embeddable":true,"href":"https:\/\/vocesparalelas.com.ar\/sitio\/wp-json\/wp\/v2\/media\/81446"}],"wp:attachment":[{"href":"https:\/\/vocesparalelas.com.ar\/sitio\/wp-json\/wp\/v2\/media?parent=95647"}],"wp:term":[{"taxonomy":"category","embeddable":true,"href":"https:\/\/vocesparalelas.com.ar\/sitio\/wp-json\/wp\/v2\/categories?post=95647"},{"taxonomy":"post_tag","embeddable":true,"href":"https:\/\/vocesparalelas.com.ar\/sitio\/wp-json\/wp\/v2\/tags?post=95647"}],"curies":[{"name":"wp","href":"https:\/\/api.w.org\/{rel}","templated":true}]}}