{"id":95638,"date":"2026-01-09T19:42:51","date_gmt":"2026-01-09T22:42:51","guid":{"rendered":"https:\/\/vocesparalelas.com.ar\/sitio\/?p=95638"},"modified":"2026-01-12T23:34:19","modified_gmt":"2026-01-13T02:34:19","slug":"actualizacion-de-datos-de-los-veteranos-de-guerra-de-malvinas-argentina-de-san-juan","status":"publish","type":"post","link":"https:\/\/vocesparalelas.com.ar\/sitio\/actualizacion-de-datos-de-los-veteranos-de-guerra-de-malvinas-argentina-de-san-juan\/","title":{"rendered":"Actualizaci\u00f3n de datos de los Veteranos de Guerra de Malvinas Argentina de San Juan"},"content":{"rendered":"<p>El Ministerio de Gobierno de San Juan, a trav\u00e9s de la Secretar\u00eda de Relaciones Institucionales y su Direcci\u00f3n de Cultos y ONG, continua con la convocatoria para la actualizaci\u00f3n de datos de los Veteranos de Guerra de Malvinas oriundos de San Juan, tanto quienes residen en la provincia como aquellos que viven en otras jurisdicciones.<\/p>\n<p>La iniciativa tambi\u00e9n est\u00e1 destinada a madres, viudas, hijos y familiares de ca\u00eddos en el conflicto del Atl\u00e1ntico Sur, en cumplimiento del Decreto 467\/05. Madres, viudas, hijos y derechohabientes podr\u00e1n completar un formulario espec\u00edfico que permitir\u00e1 consolidar el padr\u00f3n oficial y fortalecer los mecanismos de asistencia institucional.<\/p>\n<p><iframe loading=\"lazy\" title=\"SAN JUAN GESTA MALVINAS ARGENTINA\" width=\"800\" height=\"450\" src=\"https:\/\/www.youtube.com\/embed\/mtYpLzY0IWU?feature=oembed\" frameborder=\"0\" allow=\"accelerometer; autoplay; clipboard-write; encrypted-media; gyroscope; picture-in-picture; web-share\" referrerpolicy=\"strict-origin-when-cross-origin\" allowfullscreen><\/iframe><\/p>\n<p><span style=\"color: #0000ff;\"><strong>La carga de informaci\u00f3n se puede realizar de forma digital hasta el 20 de Febrero de 2026, a trav\u00e9s de los siguientes enlaces:<\/strong><\/span><\/p>\n<p><a href=\"https:\/\/docs.google.com\/forms\/d\/e\/1FAIpQLSeme-g4azPx4SfEWXxnoeh7z0-75TpefdsguEoT51PvddAKvw\/viewform\">https:\/\/docs.google.com\/forms\/d\/e\/1FAIpQLSeme-g4azPx4SfEWXxnoeh7z0-75TpefdsguEoT51PvddAKvw\/viewform<\/a><\/p>\n<p><a href=\"https:\/\/docs.google.com\/forms\/d\/e\/1FAIpQLSfX95afTLnz-LwRwwEN17Gr4JbSq8VHTBaWGpfe1sh7NZRbxw\/viewform\">https:\/\/docs.google.com\/forms\/d\/e\/1FAIpQLSfX95afTLnz-LwRwwEN17Gr4JbSq8VHTBaWGpfe1sh7NZRbxw\/viewform<\/a><\/p>\n<p>&nbsp;<\/p>\n<p>&nbsp;<\/p>\n<p><iframe loading=\"lazy\" title=\"SAN JUAN MALVINAS HIMNO NACIONAL ARGENTINO\" width=\"800\" height=\"450\" src=\"https:\/\/www.youtube.com\/embed\/sS-QE7Cta9c?feature=oembed\" frameborder=\"0\" allow=\"accelerometer; autoplay; clipboard-write; encrypted-media; gyroscope; picture-in-picture; web-share\" referrerpolicy=\"strict-origin-when-cross-origin\" allowfullscreen><\/iframe><\/p>\n<p>&nbsp;<\/p>\n<p><img loading=\"lazy\" decoding=\"async\" class=\"alignnone size-full wp-image-36530\" src=\"https:\/\/vocesparalelas.com.ar\/sitio\/wp-content\/uploads\/2021\/04\/MALVINAS-ARGENTINAS-05.jpg\" alt=\"\" width=\"800\" height=\"502\" srcset=\"https:\/\/vocesparalelas.com.ar\/sitio\/wp-content\/uploads\/2021\/04\/MALVINAS-ARGENTINAS-05.jpg 800w, https:\/\/vocesparalelas.com.ar\/sitio\/wp-content\/uploads\/2021\/04\/MALVINAS-ARGENTINAS-05-300x188.jpg 300w, https:\/\/vocesparalelas.com.ar\/sitio\/wp-content\/uploads\/2021\/04\/MALVINAS-ARGENTINAS-05-768x482.jpg 768w\" sizes=\"auto, (max-width: 800px) 100vw, 800px\" \/><\/p>\n<p>&nbsp;<\/p>\n","protected":false},"excerpt":{"rendered":"<p>El Ministerio de Gobierno de San Juan, a trav\u00e9s de la Secretar\u00eda de Relaciones Institucionales y su Direcci\u00f3n de Cultos<\/p>\n","protected":false},"author":3,"featured_media":84586,"comment_status":"closed","ping_status":"closed","sticky":false,"template":"","format":"standard","meta":{"_acf_changed":false,"_seopress_robots_primary_cat":"none","_seopress_titles_title":"","_seopress_titles_desc":"","_seopress_robots_index":"","colormag_page_container_layout":"default_layout","colormag_page_sidebar_layout":"default_layout","footnotes":""},"categories":[2,7],"tags":[],"class_list":["post-95638","post","type-post","status-publish","format-standard","has-post-thumbnail","hentry","category-convocatorias","category-videos"],"acf":[],"_links":{"self":[{"href":"https:\/\/vocesparalelas.com.ar\/sitio\/wp-json\/wp\/v2\/posts\/95638","targetHints":{"allow":["GET"]}}],"collection":[{"href":"https:\/\/vocesparalelas.com.ar\/sitio\/wp-json\/wp\/v2\/posts"}],"about":[{"href":"https:\/\/vocesparalelas.com.ar\/sitio\/wp-json\/wp\/v2\/types\/post"}],"author":[{"embeddable":true,"href":"https:\/\/vocesparalelas.com.ar\/sitio\/wp-json\/wp\/v2\/users\/3"}],"replies":[{"embeddable":true,"href":"https:\/\/vocesparalelas.com.ar\/sitio\/wp-json\/wp\/v2\/comments?post=95638"}],"version-history":[{"count":1,"href":"https:\/\/vocesparalelas.com.ar\/sitio\/wp-json\/wp\/v2\/posts\/95638\/revisions"}],"predecessor-version":[{"id":95641,"href":"https:\/\/vocesparalelas.com.ar\/sitio\/wp-json\/wp\/v2\/posts\/95638\/revisions\/95641"}],"wp:featuredmedia":[{"embeddable":true,"href":"https:\/\/vocesparalelas.com.ar\/sitio\/wp-json\/wp\/v2\/media\/84586"}],"wp:attachment":[{"href":"https:\/\/vocesparalelas.com.ar\/sitio\/wp-json\/wp\/v2\/media?parent=95638"}],"wp:term":[{"taxonomy":"category","embeddable":true,"href":"https:\/\/vocesparalelas.com.ar\/sitio\/wp-json\/wp\/v2\/categories?post=95638"},{"taxonomy":"post_tag","embeddable":true,"href":"https:\/\/vocesparalelas.com.ar\/sitio\/wp-json\/wp\/v2\/tags?post=95638"}],"curies":[{"name":"wp","href":"https:\/\/api.w.org\/{rel}","templated":true}]}}