{"id":95633,"date":"2026-01-08T21:33:44","date_gmt":"2026-01-09T00:33:44","guid":{"rendered":"https:\/\/vocesparalelas.com.ar\/sitio\/?p=95633"},"modified":"2026-01-08T21:33:44","modified_gmt":"2026-01-09T00:33:44","slug":"hacia-el-paseo-gastronomico-y-recreativo-en-san-juan","status":"publish","type":"post","link":"https:\/\/vocesparalelas.com.ar\/sitio\/hacia-el-paseo-gastronomico-y-recreativo-en-san-juan\/","title":{"rendered":"Hacia el Paseo Gastron\u00f3mico y Recreativo en San Juan"},"content":{"rendered":"<p>El Ministerio de Infraestructura, Agua y Energ\u00eda del Gobierno de San Juan\u00a0ejecuta la obra de\u00a0refuncionalizaci\u00f3n de un tramo de Juan B. Alberdi, entre Las Heras y Espa\u00f1a, frente al Parque Belgrano. La intervenci\u00f3n se encuentra en su\u00a0etapa final, con un estado de avance del 95%, y permite recuperar un \u00e1rea urbana estrat\u00e9gica, transform\u00e1ndola en un paseo moderno, ordenado y accesible.<\/p>\n<p>Actualmente, los trabajos de\u00a0obra gruesa y terminaciones\u00a0ya se encuentran finalizados. El espacio presenta sectores claramente definidos para la permanencia, la circulaci\u00f3n peatonal y la incorporaci\u00f3n de equipamiento urbano, integrados al entorno existente.<\/p>\n<p>En esta instancia, las tareas se concentran en\u00a0acciones complementarias, vinculadas a la\u00a0conexi\u00f3n el\u00e9ctrica de los puestos gastron\u00f3micos, la\u00a0colocaci\u00f3n de bolardos\u00a0para el ordenamiento de la circulaci\u00f3n y la\u00a0demarcaci\u00f3n final de los boxes\u00a0destinados a los carros gastron\u00f3micos. Estas labores son necesarias para completar la habilitaci\u00f3n integral del sector y su puesta en funcionamiento.<\/p>\n<p><strong><span style=\"color: #ff6600;\">El proyecto de refuncionalizaci\u00f3n<\/span><\/strong><\/p>\n<p>El proyecto contempla la organizaci\u00f3n de\u00a018 veh\u00edculos gastron\u00f3micos, dispuestos de forma lineal sobre una superficie aproximada de\u00a0500 metros cuadrados. Cada puesto contar\u00e1 con\u00a0medici\u00f3n el\u00e9ctrica independiente\u00a0y con las obras necesarias para la\u00a0correcta evacuaci\u00f3n de desechos\u00a0propios de la actividad. La zona estar\u00e1 demarcada con\u00a0pintura asf\u00e1ltica, garantizando orden y adecuada disposici\u00f3n de los espacios.<\/p>\n<p>Asimismo, la intervenci\u00f3n sobre el boulevard permite conformar un\u00a0espacio urbano renovado, que combina \u00e1reas destinadas a la permanencia y al consumo con sectores din\u00e1micos de recorrido peatonal. La propuesta incorpora\u00a0luminarias, bancos de madera y canteros, con la incorporaci\u00f3n de\u00a0plantas decorativas\u00a0y el acondicionamiento del espacio verde,\u00a0respetando la arboleda existente. Adem\u00e1s, se suma\u00a0iluminaci\u00f3n direccional sobre los eucaliptos, reforzando las condiciones de seguridad y confort del paseo.<\/p>\n<p>&nbsp;<\/p>\n<p><img loading=\"lazy\" decoding=\"async\" class=\"alignnone size-full wp-image-65642\" src=\"https:\/\/vocesparalelas.com.ar\/sitio\/wp-content\/uploads\/2023\/11\/GOBIERNO-SAN-JUAN.jpg\" alt=\"\" width=\"800\" height=\"600\" srcset=\"https:\/\/vocesparalelas.com.ar\/sitio\/wp-content\/uploads\/2023\/11\/GOBIERNO-SAN-JUAN.jpg 800w, https:\/\/vocesparalelas.com.ar\/sitio\/wp-content\/uploads\/2023\/11\/GOBIERNO-SAN-JUAN-300x225.jpg 300w, https:\/\/vocesparalelas.com.ar\/sitio\/wp-content\/uploads\/2023\/11\/GOBIERNO-SAN-JUAN-768x576.jpg 768w\" sizes=\"auto, (max-width: 800px) 100vw, 800px\" \/><\/p>\n","protected":false},"excerpt":{"rendered":"<p>El Ministerio de Infraestructura, Agua y Energ\u00eda del Gobierno de San Juan\u00a0ejecuta la obra de\u00a0refuncionalizaci\u00f3n de un tramo de Juan<\/p>\n","protected":false},"author":3,"featured_media":95636,"comment_status":"closed","ping_status":"closed","sticky":false,"template":"","format":"standard","meta":{"_acf_changed":false,"_seopress_robots_primary_cat":"none","_seopress_titles_title":"","_seopress_titles_desc":"","_seopress_robots_index":"","colormag_page_container_layout":"default_layout","colormag_page_sidebar_layout":"default_layout","footnotes":""},"categories":[1],"tags":[],"class_list":["post-95633","post","type-post","status-publish","format-standard","has-post-thumbnail","hentry","category-destacadas"],"acf":[],"_links":{"self":[{"href":"https:\/\/vocesparalelas.com.ar\/sitio\/wp-json\/wp\/v2\/posts\/95633","targetHints":{"allow":["GET"]}}],"collection":[{"href":"https:\/\/vocesparalelas.com.ar\/sitio\/wp-json\/wp\/v2\/posts"}],"about":[{"href":"https:\/\/vocesparalelas.com.ar\/sitio\/wp-json\/wp\/v2\/types\/post"}],"author":[{"embeddable":true,"href":"https:\/\/vocesparalelas.com.ar\/sitio\/wp-json\/wp\/v2\/users\/3"}],"replies":[{"embeddable":true,"href":"https:\/\/vocesparalelas.com.ar\/sitio\/wp-json\/wp\/v2\/comments?post=95633"}],"version-history":[{"count":1,"href":"https:\/\/vocesparalelas.com.ar\/sitio\/wp-json\/wp\/v2\/posts\/95633\/revisions"}],"predecessor-version":[{"id":95637,"href":"https:\/\/vocesparalelas.com.ar\/sitio\/wp-json\/wp\/v2\/posts\/95633\/revisions\/95637"}],"wp:featuredmedia":[{"embeddable":true,"href":"https:\/\/vocesparalelas.com.ar\/sitio\/wp-json\/wp\/v2\/media\/95636"}],"wp:attachment":[{"href":"https:\/\/vocesparalelas.com.ar\/sitio\/wp-json\/wp\/v2\/media?parent=95633"}],"wp:term":[{"taxonomy":"category","embeddable":true,"href":"https:\/\/vocesparalelas.com.ar\/sitio\/wp-json\/wp\/v2\/categories?post=95633"},{"taxonomy":"post_tag","embeddable":true,"href":"https:\/\/vocesparalelas.com.ar\/sitio\/wp-json\/wp\/v2\/tags?post=95633"}],"curies":[{"name":"wp","href":"https:\/\/api.w.org\/{rel}","templated":true}]}}