{"id":95628,"date":"2026-01-09T20:20:24","date_gmt":"2026-01-09T23:20:24","guid":{"rendered":"https:\/\/vocesparalelas.com.ar\/sitio\/?p=95628"},"modified":"2026-01-13T23:38:07","modified_gmt":"2026-01-14T02:38:07","slug":"retiro-voluntario-y-preventivo-del-mercado-determinados-lotes-de-productos-destinados-a-lactantes-en-argentina","status":"publish","type":"post","link":"https:\/\/vocesparalelas.com.ar\/sitio\/retiro-voluntario-y-preventivo-del-mercado-determinados-lotes-de-productos-destinados-a-lactantes-en-argentina\/","title":{"rendered":"Retiro voluntario y preventivo del mercado determinados lotes de productos destinados a lactantes en Argentina"},"content":{"rendered":"<p>La\u00a0ANMAT\u00a0informa a la poblaci\u00f3n que la empresa\u00a0Nestl\u00e9 Argentina S.A.\u00a0inici\u00f3 un\u00a0retiro voluntario y preventivo del mercado\u00a0de determinados lotes de productos destinados a lactantes.<\/p>\n<p><strong><span style=\"color: #ff0000;\">Los productos afectados son:<\/span><\/strong><\/p>\n<ul>\n<li>Productos de elaboraci\u00f3n nacional<\/li>\n<li>Provincia de Santa Fe<\/li>\n<li>F\u00f3rmula l\u00e1ctea para lactantes en polvo<\/li>\n<li>Marca: Nestl\u00e9 NAN Optipro 1 c\/HMO<\/li>\n<li>Presentaci\u00f3n: 400 g<\/li>\n<li>RNE N\u00b0: 21-114032<\/li>\n<li>RNPA N\u00b0: 21-130136<\/li>\n<\/ul>\n<p><span style=\"color: #ff0000;\"><strong>Lotes y fechas de vencimiento<\/strong><\/span><\/p>\n<ul>\n<li>Lote 517628872A \u2013 Vencimiento 31\/12\/2026<\/li>\n<li>Lote 524128872A \u2013 Vencimiento 28\/02\/2027<\/li>\n<li>Lote 524728872A \u2013 Vencimiento 31\/03\/2027<\/li>\n<\/ul>\n<p><span style=\"color: #ff0000;\"><strong>F\u00f3rmula l\u00e1ctea para lactantes en polvo<\/strong><\/span><\/p>\n<ul>\n<li>Marca: Nestl\u00e9 NAN Optipro 1 c\/HMO<\/li>\n<li>Presentaci\u00f3n: 800 g<\/li>\n<li>RNE N\u00b0: 21-114032<\/li>\n<li>RNPA N\u00b0: 21-130136<\/li>\n<\/ul>\n<p><span style=\"color: #ff0000;\"><strong>Lotes y fechas de vencimiento:<\/strong><\/span><\/p>\n<ul>\n<li>Lote 517628872A \u2013 Vencimiento 31\/12\/2026<\/li>\n<li>Lote 522828872A \u2013 Vencimiento 28\/02\/2027<\/li>\n<li>Lote 524128872A \u2013 Vencimiento 28\/02\/2027<\/li>\n<li>Lote 528928872A \u2013 Vencimiento 30\/04\/2027<\/li>\n<li>Lote 528928872B \u2013 Vencimiento 30\/04\/2027<\/li>\n<li>Lote 529028872A \u2013 Vencimiento 30\/04\/2027<\/li>\n<li>Lote 533228872B \u2013 Vencimiento 31\/05\/2027<\/li>\n<li>Lote 533328872A \u2013 Vencimiento 31\/05\/2027<\/li>\n<\/ul>\n<p><span style=\"color: #ff0000;\"><strong>Producto importado<\/strong><\/span><\/p>\n<ul>\n<li>Origen:\u00a0Suiza<\/li>\n<\/ul>\n<p><span style=\"color: #ff0000;\"><strong>Alimento para prop\u00f3sitos m\u00e9dicos espec\u00edficos en polvo para lactantes<\/strong><\/span><\/p>\n<ul>\n<li>Marca: Nestl\u00e9 Alfamino<\/li>\n<li>Presentaci\u00f3n: 400 g<\/li>\n<li>RNE N\u00b0: 00-014591<\/li>\n<li>RNPA N\u00b0: 079-00-022965<\/li>\n<\/ul>\n<p><span style=\"color: #ff0000;\"><strong>Lote y fecha de vencimiento:<\/strong><\/span><\/p>\n<ul>\n<li>Lote 51690017Y1 \u2013 Vencimiento 30\/06\/2027<\/li>\n<\/ul>\n<p>La bacteria Bacillus Cereus suele encontrarse en varios sitios, como el suelo y el agua, y puede formar esporas como forma de resistencia frente a condiciones adversas. Asimismo, es capaz de producir toxinas (Cereulida, entre otras).<\/p>\n<p>Este microorganismo puede provocar dos tipos de enfermedades. Una de las formas de presentaci\u00f3n es una intoxicaci\u00f3n &#8211; s\u00edndrome em\u00e9tico, que se manifiesta con n\u00e1useas y v\u00f3mitos 1 a 6 horas luego de la ingesta del alimento contaminado con la toxina. Por otro lado, el s\u00edndrome diarreico se presenta con diarrea, dolor abdominal y fiebre a las 8 a 16 horas post consumo.<\/p>\n<p>Esta Administraci\u00f3n Nacional se encuentra coordinando acciones con las autoridades sanitarias provinciales del pa\u00eds, a los fines de monitorear el retiro del mercado de los lotes involucrados de los productos mencionados.<\/p>\n<p><span style=\"color: #ff0000;\"><strong>Por todo lo expuesto la ANMAT recomienda:<\/strong><\/span><\/p>\n<ul>\n<li>A la poblaci\u00f3n que tenga en su poder los lotes mencionados que se abstengan de consumirlos.<\/li>\n<li>A su vez, pueden comunicarse con la empresa al tel\u00e9fono 0800-999-8100 (opci\u00f3n 3) o v\u00eda e-mail a:\u00a0Servicios.alconsumidor@ar.nestle.com.<\/li>\n<li>A quienes los expenden y distribuyen, tanto en tiendas f\u00edsicas como virtuales, que lo retiren de la comercializaci\u00f3n y se contacten con su proveedor.<\/li>\n<\/ul>\n<p><img loading=\"lazy\" decoding=\"async\" class=\"alignnone size-large wp-image-13079\" src=\"https:\/\/vocesparalelas.com.ar\/sitio\/wp-content\/uploads\/2018\/07\/BEBE-GESTACION-800x550.jpg\" alt=\"\" width=\"800\" height=\"550\" srcset=\"https:\/\/vocesparalelas.com.ar\/sitio\/wp-content\/uploads\/2018\/07\/BEBE-GESTACION-800x550.jpg 800w, https:\/\/vocesparalelas.com.ar\/sitio\/wp-content\/uploads\/2018\/07\/BEBE-GESTACION-300x206.jpg 300w, https:\/\/vocesparalelas.com.ar\/sitio\/wp-content\/uploads\/2018\/07\/BEBE-GESTACION-768x528.jpg 768w, https:\/\/vocesparalelas.com.ar\/sitio\/wp-content\/uploads\/2018\/07\/BEBE-GESTACION-130x90.jpg 130w, https:\/\/vocesparalelas.com.ar\/sitio\/wp-content\/uploads\/2018\/07\/BEBE-GESTACION.jpg 1000w\" sizes=\"auto, (max-width: 800px) 100vw, 800px\" \/><\/p>\n","protected":false},"excerpt":{"rendered":"<p>La\u00a0ANMAT\u00a0informa a la poblaci\u00f3n que la empresa\u00a0Nestl\u00e9 Argentina S.A.\u00a0inici\u00f3 un\u00a0retiro voluntario y preventivo del mercado\u00a0de determinados lotes de productos destinados<\/p>\n","protected":false},"author":3,"featured_media":95631,"comment_status":"closed","ping_status":"closed","sticky":false,"template":"","format":"standard","meta":{"_acf_changed":false,"_seopress_robots_primary_cat":"none","_seopress_titles_title":"","_seopress_titles_desc":"","_seopress_robots_index":"","colormag_page_container_layout":"default_layout","colormag_page_sidebar_layout":"default_layout","footnotes":""},"categories":[10],"tags":[],"class_list":["post-95628","post","type-post","status-publish","format-standard","has-post-thumbnail","hentry","category-opiniones"],"acf":[],"_links":{"self":[{"href":"https:\/\/vocesparalelas.com.ar\/sitio\/wp-json\/wp\/v2\/posts\/95628","targetHints":{"allow":["GET"]}}],"collection":[{"href":"https:\/\/vocesparalelas.com.ar\/sitio\/wp-json\/wp\/v2\/posts"}],"about":[{"href":"https:\/\/vocesparalelas.com.ar\/sitio\/wp-json\/wp\/v2\/types\/post"}],"author":[{"embeddable":true,"href":"https:\/\/vocesparalelas.com.ar\/sitio\/wp-json\/wp\/v2\/users\/3"}],"replies":[{"embeddable":true,"href":"https:\/\/vocesparalelas.com.ar\/sitio\/wp-json\/wp\/v2\/comments?post=95628"}],"version-history":[{"count":1,"href":"https:\/\/vocesparalelas.com.ar\/sitio\/wp-json\/wp\/v2\/posts\/95628\/revisions"}],"predecessor-version":[{"id":95632,"href":"https:\/\/vocesparalelas.com.ar\/sitio\/wp-json\/wp\/v2\/posts\/95628\/revisions\/95632"}],"wp:featuredmedia":[{"embeddable":true,"href":"https:\/\/vocesparalelas.com.ar\/sitio\/wp-json\/wp\/v2\/media\/95631"}],"wp:attachment":[{"href":"https:\/\/vocesparalelas.com.ar\/sitio\/wp-json\/wp\/v2\/media?parent=95628"}],"wp:term":[{"taxonomy":"category","embeddable":true,"href":"https:\/\/vocesparalelas.com.ar\/sitio\/wp-json\/wp\/v2\/categories?post=95628"},{"taxonomy":"post_tag","embeddable":true,"href":"https:\/\/vocesparalelas.com.ar\/sitio\/wp-json\/wp\/v2\/tags?post=95628"}],"curies":[{"name":"wp","href":"https:\/\/api.w.org\/{rel}","templated":true}]}}