{"id":95600,"date":"2026-01-07T20:37:24","date_gmt":"2026-01-07T23:37:24","guid":{"rendered":"https:\/\/vocesparalelas.com.ar\/sitio\/?p=95600"},"modified":"2026-01-07T20:37:24","modified_gmt":"2026-01-07T23:37:24","slug":"habilitaron-el-baipas-de-emergencia-del-canal-general-albardon-en-san-juan","status":"publish","type":"post","link":"https:\/\/vocesparalelas.com.ar\/sitio\/habilitaron-el-baipas-de-emergencia-del-canal-general-albardon-en-san-juan\/","title":{"rendered":"Habilitaron el baip\u00e1s de emergencia del Canal General Albard\u00f3n en San Juan"},"content":{"rendered":"<p>El Departamento de Hidr\u00e1ulica del Ministerio de Infraestructura, Agua y Energ\u00eda del Gobierno de San Juan habilit\u00f3 el baip\u00e1s de emergencia ejecutado sobre la traza del Canal General Albard\u00f3n, infraestructura que result\u00f3 severamente afectada por la crecientes del R\u00edo \u00c1vila registrada el pasado 1 de enero. Gracias a la r\u00e1pida intervenci\u00f3n de este organismo, Albard\u00f3n hoy volvi\u00f3 a contar con suministro de agua para el sector productivo y la planta potabilizadora local.<\/p>\n<p>Durante la ma\u00f1ana de hoy, autoridades provinciales y equipos t\u00e9cnicos recorrieron la zona de obras y supervisaron la puesta en funcionamiento del baip\u00e1s, que ya se encuentra operativo. Participaron del recorrido el secretario General de la Gobernaci\u00f3n, Lic. Emilio Achem; el secretario de Infraestructura, Ing. Ariel Villavicencio; el secretario de Agricultura, Ganader\u00eda y Agroindustria, Ing. Miguel Moreno; el director del Departamento de Hidr\u00e1ulica, Ing. Ra\u00fal Ruiz; el jefe t\u00e9cnico del organismo, Ing. Enrique N\u00fa\u00f1ez; junto a equipos t\u00e9cnicos de Irrigaci\u00f3n, representantes de la Junta de Riego de Albard\u00f3n.<\/p>\n<p><strong><span style=\"color: #ff6600;\">Baip\u00e1s de emergencia<\/span><\/strong><\/p>\n<p>El plan de contingencia consisti\u00f3 en la instalaci\u00f3n de un tubo de 800 mil\u00edmetros de di\u00e1metro. Para su puesta en marcha se realizaron pruebas mediante pulsos de agua de 200 litros por segundo, con el objetivo de evaluar el comportamiento de la estructura.<\/p>\n<p>Al finalizar las pruebas, la mediciones de caudal indicaron que se podr\u00e1 opera con 800 a 1.000 litros por segundo, lo que garantiza la continuidad de la actividad productiva en la zona<\/p>\n<p>Adem\u00e1s, se ejecut\u00f3 un terrapl\u00e9n, junto con trabajos de encauce del r\u00edo y la construcci\u00f3n de nuevas defensas, destinadas a proteger la infraestructura ante eventuales lluvias previstas para los pr\u00f3ximos d\u00edas. Aguas arriba, tambi\u00e9n se realizaron tareas de canalizaci\u00f3n del r\u00edo.<\/p>\n<p>En forma simult\u00e1nea, avanzan las tareas para la reconstrucci\u00f3n definitiva del tramo afectado, que abarca aproximadamente 35 metros lineales de canal. Est\u00e1 prevista la ejecuci\u00f3n de una obra de defensa permanente en el sector, orientada a reforzar la protecci\u00f3n del canal y prevenir futuros da\u00f1os ante eventos similares. Se trata de una intervenci\u00f3n largamente solicitada por los productores locales desde hace m\u00e1s de una d\u00e9cada.<\/p>\n<p><img loading=\"lazy\" decoding=\"async\" class=\"alignnone size-full wp-image-95604\" src=\"https:\/\/vocesparalelas.com.ar\/sitio\/wp-content\/uploads\/2026\/01\/ALBARDON-CANAL-02.jpg\" alt=\"\" width=\"800\" height=\"424\" srcset=\"https:\/\/vocesparalelas.com.ar\/sitio\/wp-content\/uploads\/2026\/01\/ALBARDON-CANAL-02.jpg 800w, https:\/\/vocesparalelas.com.ar\/sitio\/wp-content\/uploads\/2026\/01\/ALBARDON-CANAL-02-300x159.jpg 300w, https:\/\/vocesparalelas.com.ar\/sitio\/wp-content\/uploads\/2026\/01\/ALBARDON-CANAL-02-768x407.jpg 768w\" sizes=\"auto, (max-width: 800px) 100vw, 800px\" \/><\/p>\n<p><strong><span style=\"color: #ff6600;\">Productores afectados<\/span><\/strong><\/p>\n<p>Por otra parte, el Ministerio de Producci\u00f3n, Trabajo e Innovaci\u00f3n del Gobierno de San Juan inform\u00f3 que se encuentra activo el Programa de Contingencias para asistir a los productores que hayan sufrido da\u00f1os como consecuencia de la interrupci\u00f3n del riego. Los interesados deber\u00e1n realizar la denuncia correspondiente en la Direcci\u00f3n de Contingencias y Registro de Productores, ubicada en el cuarto piso, N\u00facleo 5, del Centro C\u00edvico, o comunicarse a los tel\u00e9fonos 430-8826 o 430-6645.<\/p>\n<p>Asimismo, se solicita a los productores que cuenten con perforaciones o pozos en condiciones operativas y que puedan colaborar con la suplementaci\u00f3n del caudal de riego, que se comuniquen con dicha Direcci\u00f3n para realizar una inscripci\u00f3n preventiva, en caso de ser necesario activar este mecanismo durante el per\u00edodo que demanden las obras.<\/p>\n<p><img loading=\"lazy\" decoding=\"async\" class=\"alignnone size-full wp-image-65642\" src=\"https:\/\/vocesparalelas.com.ar\/sitio\/wp-content\/uploads\/2023\/11\/GOBIERNO-SAN-JUAN.jpg\" alt=\"\" width=\"800\" height=\"600\" srcset=\"https:\/\/vocesparalelas.com.ar\/sitio\/wp-content\/uploads\/2023\/11\/GOBIERNO-SAN-JUAN.jpg 800w, https:\/\/vocesparalelas.com.ar\/sitio\/wp-content\/uploads\/2023\/11\/GOBIERNO-SAN-JUAN-300x225.jpg 300w, https:\/\/vocesparalelas.com.ar\/sitio\/wp-content\/uploads\/2023\/11\/GOBIERNO-SAN-JUAN-768x576.jpg 768w\" sizes=\"auto, (max-width: 800px) 100vw, 800px\" \/><\/p>\n","protected":false},"excerpt":{"rendered":"<p>El Departamento de Hidr\u00e1ulica del Ministerio de Infraestructura, Agua y Energ\u00eda del Gobierno de San Juan habilit\u00f3 el baip\u00e1s de<\/p>\n","protected":false},"author":3,"featured_media":95603,"comment_status":"closed","ping_status":"closed","sticky":false,"template":"","format":"standard","meta":{"_acf_changed":false,"_seopress_robots_primary_cat":"none","_seopress_titles_title":"","_seopress_titles_desc":"","_seopress_robots_index":"","colormag_page_container_layout":"default_layout","colormag_page_sidebar_layout":"default_layout","footnotes":""},"categories":[1],"tags":[],"class_list":["post-95600","post","type-post","status-publish","format-standard","has-post-thumbnail","hentry","category-destacadas"],"acf":[],"_links":{"self":[{"href":"https:\/\/vocesparalelas.com.ar\/sitio\/wp-json\/wp\/v2\/posts\/95600","targetHints":{"allow":["GET"]}}],"collection":[{"href":"https:\/\/vocesparalelas.com.ar\/sitio\/wp-json\/wp\/v2\/posts"}],"about":[{"href":"https:\/\/vocesparalelas.com.ar\/sitio\/wp-json\/wp\/v2\/types\/post"}],"author":[{"embeddable":true,"href":"https:\/\/vocesparalelas.com.ar\/sitio\/wp-json\/wp\/v2\/users\/3"}],"replies":[{"embeddable":true,"href":"https:\/\/vocesparalelas.com.ar\/sitio\/wp-json\/wp\/v2\/comments?post=95600"}],"version-history":[{"count":1,"href":"https:\/\/vocesparalelas.com.ar\/sitio\/wp-json\/wp\/v2\/posts\/95600\/revisions"}],"predecessor-version":[{"id":95605,"href":"https:\/\/vocesparalelas.com.ar\/sitio\/wp-json\/wp\/v2\/posts\/95600\/revisions\/95605"}],"wp:featuredmedia":[{"embeddable":true,"href":"https:\/\/vocesparalelas.com.ar\/sitio\/wp-json\/wp\/v2\/media\/95603"}],"wp:attachment":[{"href":"https:\/\/vocesparalelas.com.ar\/sitio\/wp-json\/wp\/v2\/media?parent=95600"}],"wp:term":[{"taxonomy":"category","embeddable":true,"href":"https:\/\/vocesparalelas.com.ar\/sitio\/wp-json\/wp\/v2\/categories?post=95600"},{"taxonomy":"post_tag","embeddable":true,"href":"https:\/\/vocesparalelas.com.ar\/sitio\/wp-json\/wp\/v2\/tags?post=95600"}],"curies":[{"name":"wp","href":"https:\/\/api.w.org\/{rel}","templated":true}]}}