{"id":95584,"date":"2026-01-06T19:29:45","date_gmt":"2026-01-06T22:29:45","guid":{"rendered":"https:\/\/vocesparalelas.com.ar\/sitio\/?p=95584"},"modified":"2026-01-07T21:09:49","modified_gmt":"2026-01-08T00:09:49","slug":"inicio-la-capacitacion-operativa-la-policia-de-san-juan","status":"publish","type":"post","link":"https:\/\/vocesparalelas.com.ar\/sitio\/inicio-la-capacitacion-operativa-la-policia-de-san-juan\/","title":{"rendered":"Inici\u00f3 la capacitaci\u00f3n operativa la Polic\u00eda de San Juan"},"content":{"rendered":"<p>En el marco del Plan Anual de Capacitaci\u00f3n, la Polic\u00eda de San Juan de la Secretar\u00eda de Seguridad y Orden P\u00fablico del Gobierno de San Juan, dio inicio al a\u00f1o con nuevas instancias formativas destinadas a efectivos de distintas \u00e1reas, que comenzaron a capacitarse en la Direcci\u00f3n D6.<\/p>\n<p>La propuesta incluye cursos y jornadas pr\u00e1cticas orientadas a fortalecer el desempe\u00f1o profesional y operativo en el territorio.<\/p>\n<p>En esta etapa, los efectivos participan del Curso B\u00e1sico de Atenci\u00f3n de Urgencias y Emergencias, enfocado en la intervenci\u00f3n inicial ante situaciones cr\u00edticas. La capacitaci\u00f3n apunta a mejorar la respuesta inmediata y el cuidado tanto del personal policial como de la comunidad para ayudar a salvar vidas.<\/p>\n<p>Adem\u00e1s, se desarrollan jornadas de t\u00e9cnicas y esposamiento en zonas urbanas, que incorporan pr\u00e1cticas de tiro como parte del entrenamiento integral. En estas instancias interviene personal de diversas \u00e1reas del D3, como Comando Urbano, Cuerpo Especial y Raptors, entre otros.<\/p>\n<p>El Plan Anual de Capacitaci\u00f3n tiene como objetivo fortalecer y actualizar de manera permanente las competencias profesionales dentro de la instituci\u00f3n. La formaci\u00f3n continua constituye uno de los ejes de la gesti\u00f3n, orientada a consolidar una fuerza preparada y a la altura de las demandas de la sociedad de San Juan.<\/p>\n<p>&nbsp;<\/p>\n<p><img loading=\"lazy\" decoding=\"async\" class=\"alignnone size-full wp-image-59001\" src=\"https:\/\/vocesparalelas.com.ar\/sitio\/wp-content\/uploads\/2023\/05\/POLICIA-LOGO.jpg\" alt=\"\" width=\"800\" height=\"600\" srcset=\"https:\/\/vocesparalelas.com.ar\/sitio\/wp-content\/uploads\/2023\/05\/POLICIA-LOGO.jpg 800w, https:\/\/vocesparalelas.com.ar\/sitio\/wp-content\/uploads\/2023\/05\/POLICIA-LOGO-300x225.jpg 300w, https:\/\/vocesparalelas.com.ar\/sitio\/wp-content\/uploads\/2023\/05\/POLICIA-LOGO-768x576.jpg 768w\" sizes=\"auto, (max-width: 800px) 100vw, 800px\" \/><\/p>\n","protected":false},"excerpt":{"rendered":"<p>En el marco del Plan Anual de Capacitaci\u00f3n, la Polic\u00eda de San Juan de la Secretar\u00eda de Seguridad y Orden<\/p>\n","protected":false},"author":3,"featured_media":95587,"comment_status":"closed","ping_status":"closed","sticky":false,"template":"","format":"standard","meta":{"_acf_changed":false,"_seopress_robots_primary_cat":"none","_seopress_titles_title":"","_seopress_titles_desc":"","_seopress_robots_index":"","colormag_page_container_layout":"default_layout","colormag_page_sidebar_layout":"default_layout","footnotes":""},"categories":[9],"tags":[],"class_list":["post-95584","post","type-post","status-publish","format-standard","has-post-thumbnail","hentry","category-cursos"],"acf":[],"_links":{"self":[{"href":"https:\/\/vocesparalelas.com.ar\/sitio\/wp-json\/wp\/v2\/posts\/95584","targetHints":{"allow":["GET"]}}],"collection":[{"href":"https:\/\/vocesparalelas.com.ar\/sitio\/wp-json\/wp\/v2\/posts"}],"about":[{"href":"https:\/\/vocesparalelas.com.ar\/sitio\/wp-json\/wp\/v2\/types\/post"}],"author":[{"embeddable":true,"href":"https:\/\/vocesparalelas.com.ar\/sitio\/wp-json\/wp\/v2\/users\/3"}],"replies":[{"embeddable":true,"href":"https:\/\/vocesparalelas.com.ar\/sitio\/wp-json\/wp\/v2\/comments?post=95584"}],"version-history":[{"count":1,"href":"https:\/\/vocesparalelas.com.ar\/sitio\/wp-json\/wp\/v2\/posts\/95584\/revisions"}],"predecessor-version":[{"id":95588,"href":"https:\/\/vocesparalelas.com.ar\/sitio\/wp-json\/wp\/v2\/posts\/95584\/revisions\/95588"}],"wp:featuredmedia":[{"embeddable":true,"href":"https:\/\/vocesparalelas.com.ar\/sitio\/wp-json\/wp\/v2\/media\/95587"}],"wp:attachment":[{"href":"https:\/\/vocesparalelas.com.ar\/sitio\/wp-json\/wp\/v2\/media?parent=95584"}],"wp:term":[{"taxonomy":"category","embeddable":true,"href":"https:\/\/vocesparalelas.com.ar\/sitio\/wp-json\/wp\/v2\/categories?post=95584"},{"taxonomy":"post_tag","embeddable":true,"href":"https:\/\/vocesparalelas.com.ar\/sitio\/wp-json\/wp\/v2\/tags?post=95584"}],"curies":[{"name":"wp","href":"https:\/\/api.w.org\/{rel}","templated":true}]}}