{"id":95530,"date":"2026-01-05T21:29:02","date_gmt":"2026-01-06T00:29:02","guid":{"rendered":"https:\/\/vocesparalelas.com.ar\/sitio\/?p=95530"},"modified":"2026-01-06T23:34:31","modified_gmt":"2026-01-07T02:34:31","slug":"ganadores-que-participan-en-la-final-del-pre-cosquin-2026","status":"publish","type":"post","link":"https:\/\/vocesparalelas.com.ar\/sitio\/ganadores-que-participan-en-la-final-del-pre-cosquin-2026\/","title":{"rendered":"Ganadores que participan en la final del Pre Cosqu\u00edn 2026"},"content":{"rendered":"<p>La 54\u00b0 edici\u00f3n del Certamen para Nuevos Valores Pre Cosqu\u00edn\u00a0tiene entre sus finalistas a San Juan como sede.\u00a0En esta instancia, que comprendi\u00f3 la\u00a0Ronda 1, los ganadores fueron\u00a0Martina \u00abLa Cuyanita\u00bb Pizarro en la categor\u00eda Solista de Malambo femenino, mientras que el Ballet Ikaika en Conjunto de Baile Folkl\u00f3rico y La Sajuriana en Conjunto de Malambo.<\/p>\n<p>Luego de esta instancia que tuvo lugar en el\u00a0escenario Atahualpa Yupanqui, los integrantes de la delegaci\u00f3n sanjuanina\u00a0se presentar\u00e1n en la la final los pr\u00f3ximos 17 y 18 de enero, jornadas de la\u00a0ronda final.<\/p>\n<p>Cabe destacar que la comitiva sanjuanina cont\u00f3 con 80 personas que compitieron en distintas categor\u00edas y contaron con el apoyo del Gobierno de San Juan, a trav\u00e9s del Ministerio de Turismo, Cultura y Deporte<\/p>\n<p><span style=\"color: #ff6600;\"><strong>Los finalistas<\/strong><\/span><\/p>\n<p>Esta edici\u00f3n cuenta con un resultado con doble plus positivo para el Ballet Ikaika, ya que la agrupaci\u00f3n se present\u00f3 por primera vez en el certamen y obtuvo el pasaporte a la final. Integran el ballet: Alejandra Aciar, Agustina Zapata, Candela P\u00e9rez, Candela Cabello, Catalina Roux, Abigail Chaparro, Sof\u00eda Contreras, Franco Palacio, Johana Palacio, Johana Balmaceda, Juliana Ribeyrolles, Katherina Ortiz, Luna Cabello, Mariana Mallea, Mar\u00eda Alejandra Elizondo, Paulina Riveros, Priscila Mur\u00faa, Florencia Tejada, Zo\u00e9 Gonz\u00e1lez, Julieta Quiroga, Karen Aguirre, Mar\u00eda Agustina Gallardo, Marisol Morales, Marisol Pinilla, Giuliana Moyano, Ana Quiroga, Mar\u00eda paz S\u00e1nchez, Mario Villarreal, Rodolfo Pereyra, Sandra P\u00e9rez y Georgina Amicarelli.<\/p>\n<p><img loading=\"lazy\" decoding=\"async\" class=\"alignnone size-full wp-image-95534\" src=\"https:\/\/vocesparalelas.com.ar\/sitio\/wp-content\/uploads\/2026\/01\/SAN-JUAN-PRECOSQUIN-02.jpg\" alt=\"\" width=\"800\" height=\"450\" srcset=\"https:\/\/vocesparalelas.com.ar\/sitio\/wp-content\/uploads\/2026\/01\/SAN-JUAN-PRECOSQUIN-02.jpg 800w, https:\/\/vocesparalelas.com.ar\/sitio\/wp-content\/uploads\/2026\/01\/SAN-JUAN-PRECOSQUIN-02-300x169.jpg 300w, https:\/\/vocesparalelas.com.ar\/sitio\/wp-content\/uploads\/2026\/01\/SAN-JUAN-PRECOSQUIN-02-768x432.jpg 768w\" sizes=\"auto, (max-width: 800px) 100vw, 800px\" \/><\/p>\n<p>&nbsp;<\/p>\n","protected":false},"excerpt":{"rendered":"<p>La 54\u00b0 edici\u00f3n del Certamen para Nuevos Valores Pre Cosqu\u00edn\u00a0tiene entre sus finalistas a San Juan como sede.\u00a0En esta instancia,<\/p>\n","protected":false},"author":3,"featured_media":95533,"comment_status":"closed","ping_status":"closed","sticky":false,"template":"","format":"standard","meta":{"_acf_changed":false,"_seopress_robots_primary_cat":"none","_seopress_titles_title":"","_seopress_titles_desc":"","_seopress_robots_index":"","colormag_page_container_layout":"default_layout","colormag_page_sidebar_layout":"default_layout","footnotes":""},"categories":[8],"tags":[],"class_list":["post-95530","post","type-post","status-publish","format-standard","has-post-thumbnail","hentry","category-concursos"],"acf":[],"_links":{"self":[{"href":"https:\/\/vocesparalelas.com.ar\/sitio\/wp-json\/wp\/v2\/posts\/95530","targetHints":{"allow":["GET"]}}],"collection":[{"href":"https:\/\/vocesparalelas.com.ar\/sitio\/wp-json\/wp\/v2\/posts"}],"about":[{"href":"https:\/\/vocesparalelas.com.ar\/sitio\/wp-json\/wp\/v2\/types\/post"}],"author":[{"embeddable":true,"href":"https:\/\/vocesparalelas.com.ar\/sitio\/wp-json\/wp\/v2\/users\/3"}],"replies":[{"embeddable":true,"href":"https:\/\/vocesparalelas.com.ar\/sitio\/wp-json\/wp\/v2\/comments?post=95530"}],"version-history":[{"count":1,"href":"https:\/\/vocesparalelas.com.ar\/sitio\/wp-json\/wp\/v2\/posts\/95530\/revisions"}],"predecessor-version":[{"id":95535,"href":"https:\/\/vocesparalelas.com.ar\/sitio\/wp-json\/wp\/v2\/posts\/95530\/revisions\/95535"}],"wp:featuredmedia":[{"embeddable":true,"href":"https:\/\/vocesparalelas.com.ar\/sitio\/wp-json\/wp\/v2\/media\/95533"}],"wp:attachment":[{"href":"https:\/\/vocesparalelas.com.ar\/sitio\/wp-json\/wp\/v2\/media?parent=95530"}],"wp:term":[{"taxonomy":"category","embeddable":true,"href":"https:\/\/vocesparalelas.com.ar\/sitio\/wp-json\/wp\/v2\/categories?post=95530"},{"taxonomy":"post_tag","embeddable":true,"href":"https:\/\/vocesparalelas.com.ar\/sitio\/wp-json\/wp\/v2\/tags?post=95530"}],"curies":[{"name":"wp","href":"https:\/\/api.w.org\/{rel}","templated":true}]}}