{"id":95525,"date":"2026-01-05T22:19:52","date_gmt":"2026-01-06T01:19:52","guid":{"rendered":"https:\/\/vocesparalelas.com.ar\/sitio\/?p=95525"},"modified":"2026-01-06T23:32:49","modified_gmt":"2026-01-07T02:32:49","slug":"38-fiesta-provincial-de-la-semilla-y-de-la-manzana-em-el-departamento-iglesia-de-san-juan","status":"publish","type":"post","link":"https:\/\/vocesparalelas.com.ar\/sitio\/38-fiesta-provincial-de-la-semilla-y-de-la-manzana-em-el-departamento-iglesia-de-san-juan\/","title":{"rendered":"38\u00b0 Fiesta Provincial de la Semilla y de la Manzana em el Departamento Iglesia de San Juan"},"content":{"rendered":"<p>La Municipalidad de Iglesia invit\u00f3 a la comunidad a sumarse a la 38\u00b0 Fiesta Provincial de la Semilla y de la Manzana, en el cruce de Peatonales, en la ciudad de San Juan.<\/p>\n<p>As\u00ed fue, con una importante afluencia de p\u00fablico que aplaudi\u00f3 con gran alegr\u00eda y felicidad con la presencia de conjunto Nuevo Tiempo y el Elenco de Danza Departamental de Iglesia, quienes se sumar a la propuesta musical, donde brindaron una convocatoria excelente. Se lucieron.<\/p>\n<p><iframe loading=\"lazy\" title=\"SAN JUAN IGLESIA NUEVO TIEMPO \" width=\"800\" height=\"450\" src=\"https:\/\/www.youtube.com\/embed\/Vt5jkxFNhsM?feature=oembed\" frameborder=\"0\" allow=\"accelerometer; autoplay; clipboard-write; encrypted-media; gyroscope; picture-in-picture; web-share\" referrerpolicy=\"strict-origin-when-cross-origin\" allowfullscreen><\/iframe><\/p>\n<p>Adem\u00e1s, el conjunto Nuevo Tiempo interpret\u00f3 la canci\u00f3n que identifica la cultura de Iglesia que se impone como una caracter\u00edstica propia de los poblaci\u00f3n del Departamento de San Juan.<\/p>\n<figure id=\"attachment_95538\" aria-describedby=\"caption-attachment-95538\" style=\"width: 800px\" class=\"wp-caption alignnone\"><img loading=\"lazy\" decoding=\"async\" class=\"size-full wp-image-95538\" src=\"https:\/\/vocesparalelas.com.ar\/sitio\/wp-content\/uploads\/2026\/01\/IGLESIA-FIESTA-03.jpg\" alt=\"\" width=\"800\" height=\"439\" srcset=\"https:\/\/vocesparalelas.com.ar\/sitio\/wp-content\/uploads\/2026\/01\/IGLESIA-FIESTA-03.jpg 800w, https:\/\/vocesparalelas.com.ar\/sitio\/wp-content\/uploads\/2026\/01\/IGLESIA-FIESTA-03-300x165.jpg 300w, https:\/\/vocesparalelas.com.ar\/sitio\/wp-content\/uploads\/2026\/01\/IGLESIA-FIESTA-03-768x421.jpg 768w\" sizes=\"auto, (max-width: 800px) 100vw, 800px\" \/><figcaption id=\"caption-attachment-95538\" class=\"wp-caption-text\">Conjunto Nuevo Tiempo de Iglesia<\/figcaption><\/figure>\n<p>&nbsp;<\/p>\n<p><iframe loading=\"lazy\" title=\"SAN JUAN IGLESIA NUEVO TIEMPO \" width=\"800\" height=\"450\" src=\"https:\/\/www.youtube.com\/embed\/7NIehQ05Bj0?feature=oembed\" frameborder=\"0\" allow=\"accelerometer; autoplay; clipboard-write; encrypted-media; gyroscope; picture-in-picture; web-share\" referrerpolicy=\"strict-origin-when-cross-origin\" allowfullscreen><\/iframe><\/p>\n<p>Luego y para cerrar la presentaci\u00f3n el Ballet de Danza Municipal, bailaron con el orgullo de los sentires de<\/p>\n<p><iframe loading=\"lazy\" title=\"SAN JUAN IGLESIA BALLET MUNICIPAL \" width=\"800\" height=\"450\" src=\"https:\/\/www.youtube.com\/embed\/mk_ed41rKXc?feature=oembed\" frameborder=\"0\" allow=\"accelerometer; autoplay; clipboard-write; encrypted-media; gyroscope; picture-in-picture; web-share\" referrerpolicy=\"strict-origin-when-cross-origin\" allowfullscreen><\/iframe><\/p>\n<p>&nbsp;<\/p>\n<p><img loading=\"lazy\" decoding=\"async\" class=\"alignnone size-full wp-image-95536\" src=\"https:\/\/vocesparalelas.com.ar\/sitio\/wp-content\/uploads\/2026\/01\/IGLESIA-FIESTA-02.jpg\" alt=\"Ballet Municipal de Iglesia\" width=\"800\" height=\"464\" srcset=\"https:\/\/vocesparalelas.com.ar\/sitio\/wp-content\/uploads\/2026\/01\/IGLESIA-FIESTA-02.jpg 800w, https:\/\/vocesparalelas.com.ar\/sitio\/wp-content\/uploads\/2026\/01\/IGLESIA-FIESTA-02-300x174.jpg 300w, https:\/\/vocesparalelas.com.ar\/sitio\/wp-content\/uploads\/2026\/01\/IGLESIA-FIESTA-02-768x445.jpg 768w\" sizes=\"auto, (max-width: 800px) 100vw, 800px\" \/><\/p>\n<p>&nbsp;<\/p>\n<p>Los interesados est\u00e1n invitados el Viernes, 09 y el S\u00e1bado, 10 de Enero, a las 20 hs.; en el Predio Los Manantiales, Departamento Iglesia, de la Provincia de San Juan. La entrada es libre y gratuita, a la 38\u00b0 Fiesta Provincial de la Semilla y de la Manzana \u00abMi pueblo iglesiano\u00bb.<\/p>\n<p>&nbsp;<\/p>\n<p><img loading=\"lazy\" decoding=\"async\" class=\"alignnone size-full wp-image-95159\" src=\"https:\/\/vocesparalelas.com.ar\/sitio\/wp-content\/uploads\/2025\/12\/IGLESIA-FIESTA.jpg\" alt=\"\" width=\"800\" height=\"478\" srcset=\"https:\/\/vocesparalelas.com.ar\/sitio\/wp-content\/uploads\/2025\/12\/IGLESIA-FIESTA.jpg 800w, https:\/\/vocesparalelas.com.ar\/sitio\/wp-content\/uploads\/2025\/12\/IGLESIA-FIESTA-300x179.jpg 300w, https:\/\/vocesparalelas.com.ar\/sitio\/wp-content\/uploads\/2025\/12\/IGLESIA-FIESTA-768x459.jpg 768w\" sizes=\"auto, (max-width: 800px) 100vw, 800px\" \/><\/p>\n<p><strong><span style=\"color: #ff6600;\">Observaci\u00f3n<\/span><\/strong><\/p>\n<p>En el canal de de YouTube de Voces Paralelas hay m\u00e1s videos para disfrutar<\/p>\n<p><a href=\"https:\/\/www.youtube.com\/@vocesparalelas9071\/videos\">https:\/\/www.youtube.com\/@vocesparalelas9071\/videos<\/a><\/p>\n<p><img loading=\"lazy\" decoding=\"async\" class=\"alignnone size-full wp-image-91565\" src=\"https:\/\/vocesparalelas.com.ar\/sitio\/wp-content\/uploads\/2025\/09\/MUNICIPALIDAD-IGLESIA.jpg\" alt=\"\" width=\"800\" height=\"533\" srcset=\"https:\/\/vocesparalelas.com.ar\/sitio\/wp-content\/uploads\/2025\/09\/MUNICIPALIDAD-IGLESIA.jpg 800w, https:\/\/vocesparalelas.com.ar\/sitio\/wp-content\/uploads\/2025\/09\/MUNICIPALIDAD-IGLESIA-300x200.jpg 300w, https:\/\/vocesparalelas.com.ar\/sitio\/wp-content\/uploads\/2025\/09\/MUNICIPALIDAD-IGLESIA-768x512.jpg 768w\" sizes=\"auto, (max-width: 800px) 100vw, 800px\" \/><\/p>\n<p>&nbsp;<\/p>\n","protected":false},"excerpt":{"rendered":"<p>La Municipalidad de Iglesia invit\u00f3 a la comunidad a sumarse a la 38\u00b0 Fiesta Provincial de la Semilla y de<\/p>\n","protected":false},"author":3,"featured_media":95528,"comment_status":"closed","ping_status":"closed","sticky":false,"template":"","format":"standard","meta":{"_acf_changed":false,"_seopress_robots_primary_cat":"none","_seopress_titles_title":"","_seopress_titles_desc":"","_seopress_robots_index":"","colormag_page_container_layout":"default_layout","colormag_page_sidebar_layout":"default_layout","footnotes":""},"categories":[20,7],"tags":[],"class_list":["post-95525","post","type-post","status-publish","format-standard","has-post-thumbnail","hentry","category-cartelera","category-videos"],"acf":[],"_links":{"self":[{"href":"https:\/\/vocesparalelas.com.ar\/sitio\/wp-json\/wp\/v2\/posts\/95525","targetHints":{"allow":["GET"]}}],"collection":[{"href":"https:\/\/vocesparalelas.com.ar\/sitio\/wp-json\/wp\/v2\/posts"}],"about":[{"href":"https:\/\/vocesparalelas.com.ar\/sitio\/wp-json\/wp\/v2\/types\/post"}],"author":[{"embeddable":true,"href":"https:\/\/vocesparalelas.com.ar\/sitio\/wp-json\/wp\/v2\/users\/3"}],"replies":[{"embeddable":true,"href":"https:\/\/vocesparalelas.com.ar\/sitio\/wp-json\/wp\/v2\/comments?post=95525"}],"version-history":[{"count":3,"href":"https:\/\/vocesparalelas.com.ar\/sitio\/wp-json\/wp\/v2\/posts\/95525\/revisions"}],"predecessor-version":[{"id":95539,"href":"https:\/\/vocesparalelas.com.ar\/sitio\/wp-json\/wp\/v2\/posts\/95525\/revisions\/95539"}],"wp:featuredmedia":[{"embeddable":true,"href":"https:\/\/vocesparalelas.com.ar\/sitio\/wp-json\/wp\/v2\/media\/95528"}],"wp:attachment":[{"href":"https:\/\/vocesparalelas.com.ar\/sitio\/wp-json\/wp\/v2\/media?parent=95525"}],"wp:term":[{"taxonomy":"category","embeddable":true,"href":"https:\/\/vocesparalelas.com.ar\/sitio\/wp-json\/wp\/v2\/categories?post=95525"},{"taxonomy":"post_tag","embeddable":true,"href":"https:\/\/vocesparalelas.com.ar\/sitio\/wp-json\/wp\/v2\/tags?post=95525"}],"curies":[{"name":"wp","href":"https:\/\/api.w.org\/{rel}","templated":true}]}}