{"id":95505,"date":"2026-01-05T20:19:46","date_gmt":"2026-01-05T23:19:46","guid":{"rendered":"https:\/\/vocesparalelas.com.ar\/sitio\/?p=95505"},"modified":"2026-01-06T15:17:34","modified_gmt":"2026-01-06T18:17:34","slug":"nochecitas-en-el-anchi-descubriendo-el-gigante-de-los-cielos-de-verano-en-el-anchipurac-en-san-juan","status":"publish","type":"post","link":"https:\/\/vocesparalelas.com.ar\/sitio\/nochecitas-en-el-anchi-descubriendo-el-gigante-de-los-cielos-de-verano-en-el-anchipurac-en-san-juan\/","title":{"rendered":"Nochecitas en el Anchi: \u201cDescubriendo el gigante de los cielos de verano\u201d, en el Anchipurac en San Juan"},"content":{"rendered":"<p>El Centro de Formaci\u00f3n Ambiental Anchipurac de la Secretar\u00eda de Ambiente y Desarrollo Sustentable del Gobierno de San Juan realiza una propuesta nocturna especial con recorrido inmersivo, observaci\u00f3n del cielo de verano y actividades para el p\u00fablico interesado.<\/p>\n<p>En el marco de su agenda de actividades de verano, el Centro de Formaci\u00f3n Ambiental Anchipurac desarrolla Nochecitas en el Anchi \u201cDescubriendo el gigante de los cielos de verano\u201d, una experiencia nocturna pensada para disfrutar, aprender y conectarse con el universo.<\/p>\n<p>La actividad se realiza el S\u00e1bado, 10 de Enero, en horario especial de verano, de 21 a 23:30 hs.; en las instalaciones de Anchipurac, Calle 5 y Pelegrini al pie del cerro Parkison, Departamento Rivadavia.<\/p>\n<p>La propuesta incluye una bienvenida y recorrido guiado por cinco estaciones inmersivas del Centro de Formaci\u00f3n Ambiental. Luego, se desarrolla una charla introductoria sobre el cielo de verano, seguida de una observaci\u00f3n astron\u00f3mica guiada con telescopio, con explicaciones accesibles para todo p\u00fablico. La experiencia se completa con degustaci\u00f3n regional y un cierre con astrofotograf\u00eda.<\/p>\n<p>La observaci\u00f3n convoca a los interesados durante el horario de mejor visibilidad nocturna, priorizando los objetos celestes que presenten condiciones favorables seg\u00fan el estado real del cielo. Se prev\u00e9 la observaci\u00f3n de Saturno, J\u00fapiter y la Nebulosa de Ori\u00f3n, acompa\u00f1ada por un equipo profesional que respetar\u00e1 los tiempos naturales de cada objeto y la din\u00e1mica propia del cielo nocturno.<\/p>\n<p>Se presenta cupos limitados, tiene entrada con costo y requiere inscripci\u00f3n previa, que puede realizarse al tel\u00e9fono 264 542 9117.<\/p>\n<p>Esta propuesta se suma a la programaci\u00f3n de verano de Anchipurac, ofreciendo a la comunidad interesada en el tema de conocer una alternativa diferente para disfrutar de las noches estivales, combinando ciencia, ambiente y experiencia sensorial.<\/p>\n<p>&nbsp;<\/p>\n<p><img loading=\"lazy\" decoding=\"async\" class=\"alignnone size-full wp-image-75669\" src=\"https:\/\/vocesparalelas.com.ar\/sitio\/wp-content\/uploads\/2024\/08\/ANCHIPURAC-ISOLOGO-01.jpg\" alt=\"\" width=\"800\" height=\"450\" srcset=\"https:\/\/vocesparalelas.com.ar\/sitio\/wp-content\/uploads\/2024\/08\/ANCHIPURAC-ISOLOGO-01.jpg 800w, https:\/\/vocesparalelas.com.ar\/sitio\/wp-content\/uploads\/2024\/08\/ANCHIPURAC-ISOLOGO-01-300x169.jpg 300w, https:\/\/vocesparalelas.com.ar\/sitio\/wp-content\/uploads\/2024\/08\/ANCHIPURAC-ISOLOGO-01-768x432.jpg 768w\" sizes=\"auto, (max-width: 800px) 100vw, 800px\" \/><\/p>\n","protected":false},"excerpt":{"rendered":"<p>El Centro de Formaci\u00f3n Ambiental Anchipurac de la Secretar\u00eda de Ambiente y Desarrollo Sustentable del Gobierno de San Juan realiza<\/p>\n","protected":false},"author":3,"featured_media":21053,"comment_status":"closed","ping_status":"closed","sticky":false,"template":"","format":"standard","meta":{"_acf_changed":false,"_seopress_robots_primary_cat":"none","_seopress_titles_title":"","_seopress_titles_desc":"","_seopress_robots_index":"","colormag_page_container_layout":"default_layout","colormag_page_sidebar_layout":"default_layout","footnotes":""},"categories":[6],"tags":[],"class_list":["post-95505","post","type-post","status-publish","format-standard","has-post-thumbnail","hentry","category-eventos"],"acf":[],"_links":{"self":[{"href":"https:\/\/vocesparalelas.com.ar\/sitio\/wp-json\/wp\/v2\/posts\/95505","targetHints":{"allow":["GET"]}}],"collection":[{"href":"https:\/\/vocesparalelas.com.ar\/sitio\/wp-json\/wp\/v2\/posts"}],"about":[{"href":"https:\/\/vocesparalelas.com.ar\/sitio\/wp-json\/wp\/v2\/types\/post"}],"author":[{"embeddable":true,"href":"https:\/\/vocesparalelas.com.ar\/sitio\/wp-json\/wp\/v2\/users\/3"}],"replies":[{"embeddable":true,"href":"https:\/\/vocesparalelas.com.ar\/sitio\/wp-json\/wp\/v2\/comments?post=95505"}],"version-history":[{"count":1,"href":"https:\/\/vocesparalelas.com.ar\/sitio\/wp-json\/wp\/v2\/posts\/95505\/revisions"}],"predecessor-version":[{"id":95508,"href":"https:\/\/vocesparalelas.com.ar\/sitio\/wp-json\/wp\/v2\/posts\/95505\/revisions\/95508"}],"wp:featuredmedia":[{"embeddable":true,"href":"https:\/\/vocesparalelas.com.ar\/sitio\/wp-json\/wp\/v2\/media\/21053"}],"wp:attachment":[{"href":"https:\/\/vocesparalelas.com.ar\/sitio\/wp-json\/wp\/v2\/media?parent=95505"}],"wp:term":[{"taxonomy":"category","embeddable":true,"href":"https:\/\/vocesparalelas.com.ar\/sitio\/wp-json\/wp\/v2\/categories?post=95505"},{"taxonomy":"post_tag","embeddable":true,"href":"https:\/\/vocesparalelas.com.ar\/sitio\/wp-json\/wp\/v2\/tags?post=95505"}],"curies":[{"name":"wp","href":"https:\/\/api.w.org\/{rel}","templated":true}]}}