{"id":95433,"date":"2025-12-30T20:41:02","date_gmt":"2025-12-30T23:41:02","guid":{"rendered":"https:\/\/vocesparalelas.com.ar\/sitio\/?p=95433"},"modified":"2026-01-02T21:32:10","modified_gmt":"2026-01-03T00:32:10","slug":"la-casa-nacional-del-bicentenario-convoca-artistas-y-curadores-2026","status":"publish","type":"post","link":"https:\/\/vocesparalelas.com.ar\/sitio\/la-casa-nacional-del-bicentenario-convoca-artistas-y-curadores-2026\/","title":{"rendered":"La Casa Nacional del Bicentenario convoca artistas y curadores 2026"},"content":{"rendered":"<p>La Secretar\u00eda de Cultura de la Naci\u00f3n, a trav\u00e9s de la Direcci\u00f3n Nacional de Integraci\u00f3n Federal y Cooperaci\u00f3n Internacional Cultural, junto al Ministerio de Turismo, Cultura y Deporte del Gobierno de San Juan, convoca a expositores de distintas disciplinas para participar de una exhibici\u00f3n en el Espacio de Arte Nacional de la Casa Nacional del Bicentenario\u00a0ubicado en la Ciudad de Buenos Aires.<\/p>\n<p>La convocatoria est\u00e1\u00a0abierta a artistas y curadores\u00a0argentinos mayores de 18 a\u00f1os, nativos, naturalizados o extranjeros residentes en el pa\u00eds, quienes\u00a0podr\u00e1n inscribirse hasta el pr\u00f3ximo 31 de enero. Las disciplinas que participan son\u00a0arte textil, pintura, escultura, dibujo, arte digital, instalaciones, fotograf\u00eda y videoarte.<\/p>\n<p>Una vez realizada la postulaci\u00f3n, el comit\u00e9 de selecci\u00f3n estar\u00e1 integrado por personal de la Secretar\u00eda de Cultura de la Presidencia de la Naci\u00f3n, que elegir\u00e1 artistas o proyectos curatoriales.\u00a0El anuncio de los seleccionados para las exposiciones se realizar\u00e1 a partir del 21 de febrero\u00a0del 2026 y se comunicar\u00e1n los resultados v\u00eda e-mail, mientras que\u00a0las muestras se realizar\u00e1n en el per\u00edodo de marzo a diciembre\u00a0con una duraci\u00f3n de un mes aproximadamente.<\/p>\n<p>Cabe destacar que este nuevo Espacio de Arte Nacional surgi\u00f3 con el objetivo de promover el trabajo de artistas emergentes de todo el pa\u00eds mediante una programaci\u00f3n que tenga como protagonista a la escena local de cada una de las provincias, mostrando una oferta representativa y federal. Asimismo, busca fortalecer y promover la oferta argentina de sectores como las artes visuales para generar mayores oportunidades comerciales en el mercado global.<\/p>\n<p>Para obtener\u00a0m\u00e1s informaci\u00f3n, los aspirantes deber\u00e1n ingresar y completar el\u00a0formulario de inscripci\u00f3n<\/p>\n<p><a href=\"https:\/\/docs.google.com\/forms\/d\/e\/1FAIpQLSd2oSFrB2kKv_ONdlEUmMR0HM4EgJ3VHzYhXI1avvCJt3l5JQ\/viewform\">https:\/\/docs.google.com\/forms\/d\/e\/1FAIpQLSd2oSFrB2kKv_ONdlEUmMR0HM4EgJ3VHzYhXI1avvCJt3l5JQ\/viewform<\/a><\/p>\n<p>&nbsp;<\/p>\n<p><img loading=\"lazy\" decoding=\"async\" class=\"alignnone size-large wp-image-10871\" src=\"https:\/\/vocesparalelas.com.ar\/sitio\/wp-content\/uploads\/2018\/03\/CAPITAL-CONCURSO-PINTURA-800x500.jpg\" alt=\"\" width=\"800\" height=\"500\" srcset=\"https:\/\/vocesparalelas.com.ar\/sitio\/wp-content\/uploads\/2018\/03\/CAPITAL-CONCURSO-PINTURA-800x500.jpg 800w, https:\/\/vocesparalelas.com.ar\/sitio\/wp-content\/uploads\/2018\/03\/CAPITAL-CONCURSO-PINTURA-300x188.jpg 300w, https:\/\/vocesparalelas.com.ar\/sitio\/wp-content\/uploads\/2018\/03\/CAPITAL-CONCURSO-PINTURA-768x480.jpg 768w, https:\/\/vocesparalelas.com.ar\/sitio\/wp-content\/uploads\/2018\/03\/CAPITAL-CONCURSO-PINTURA.jpg 1024w\" sizes=\"auto, (max-width: 800px) 100vw, 800px\" \/><\/p>\n","protected":false},"excerpt":{"rendered":"<p>La Secretar\u00eda de Cultura de la Naci\u00f3n, a trav\u00e9s de la Direcci\u00f3n Nacional de Integraci\u00f3n Federal y Cooperaci\u00f3n Internacional Cultural,<\/p>\n","protected":false},"author":3,"featured_media":95436,"comment_status":"closed","ping_status":"closed","sticky":false,"template":"","format":"standard","meta":{"_acf_changed":false,"_seopress_robots_primary_cat":"none","_seopress_titles_title":"","_seopress_titles_desc":"","_seopress_robots_index":"","colormag_page_container_layout":"default_layout","colormag_page_sidebar_layout":"default_layout","footnotes":""},"categories":[8],"tags":[],"class_list":["post-95433","post","type-post","status-publish","format-standard","has-post-thumbnail","hentry","category-concursos"],"acf":[],"_links":{"self":[{"href":"https:\/\/vocesparalelas.com.ar\/sitio\/wp-json\/wp\/v2\/posts\/95433","targetHints":{"allow":["GET"]}}],"collection":[{"href":"https:\/\/vocesparalelas.com.ar\/sitio\/wp-json\/wp\/v2\/posts"}],"about":[{"href":"https:\/\/vocesparalelas.com.ar\/sitio\/wp-json\/wp\/v2\/types\/post"}],"author":[{"embeddable":true,"href":"https:\/\/vocesparalelas.com.ar\/sitio\/wp-json\/wp\/v2\/users\/3"}],"replies":[{"embeddable":true,"href":"https:\/\/vocesparalelas.com.ar\/sitio\/wp-json\/wp\/v2\/comments?post=95433"}],"version-history":[{"count":1,"href":"https:\/\/vocesparalelas.com.ar\/sitio\/wp-json\/wp\/v2\/posts\/95433\/revisions"}],"predecessor-version":[{"id":95437,"href":"https:\/\/vocesparalelas.com.ar\/sitio\/wp-json\/wp\/v2\/posts\/95433\/revisions\/95437"}],"wp:featuredmedia":[{"embeddable":true,"href":"https:\/\/vocesparalelas.com.ar\/sitio\/wp-json\/wp\/v2\/media\/95436"}],"wp:attachment":[{"href":"https:\/\/vocesparalelas.com.ar\/sitio\/wp-json\/wp\/v2\/media?parent=95433"}],"wp:term":[{"taxonomy":"category","embeddable":true,"href":"https:\/\/vocesparalelas.com.ar\/sitio\/wp-json\/wp\/v2\/categories?post=95433"},{"taxonomy":"post_tag","embeddable":true,"href":"https:\/\/vocesparalelas.com.ar\/sitio\/wp-json\/wp\/v2\/tags?post=95433"}],"curies":[{"name":"wp","href":"https:\/\/api.w.org\/{rel}","templated":true}]}}