{"id":95427,"date":"2025-12-30T22:06:48","date_gmt":"2025-12-31T01:06:48","guid":{"rendered":"https:\/\/vocesparalelas.com.ar\/sitio\/?p=95427"},"modified":"2025-12-31T11:07:13","modified_gmt":"2025-12-31T14:07:13","slug":"una-parada-de-colectivo-inteligente-para-los-vecinos-del-departamento-rivadavia-de-san-juan","status":"publish","type":"post","link":"https:\/\/vocesparalelas.com.ar\/sitio\/una-parada-de-colectivo-inteligente-para-los-vecinos-del-departamento-rivadavia-de-san-juan\/","title":{"rendered":"Una Parada de Colectivo Inteligente para los vecinos del Departamento Rivadavia de San Juan"},"content":{"rendered":"<div>La Municipalidad de Rivadavia suma innovaci\u00f3n al transporte p\u00fablico con una parada de colectivos de \u00faltima generaci\u00f3n, con aire acondicionado, cerramiento en blindex y pantalla informativa, la gesti\u00f3n del intendente Sergio Miodowsky avanza con un plan de seis paradas modernas que mejoran la experiencia diaria de los usuarios del transporte p\u00fablico.<\/div>\n<div><\/div>\n<div>La gesti\u00f3n del intendente Sergio Miodowsky dio un nuevo paso en materia de infraestructura y servicios urbanos con la puesta en funcionamiento de la primera parada de colectivos inteligente de Rivadavia, una obra in\u00e9dita para el departamento que mejora de manera directa la experiencia diaria de los usuarios del transporte p\u00fablico.<\/div>\n<div><\/div>\n<div>Se trata de una parada completamente cerrada, dise\u00f1ada como una \u201cpecera\u201d moderna, con cerramiento total en blindex, puerta corrediza, iluminaci\u00f3n interior y exterior, banco para espera, pantalla informativa, y sistema de aire acondicionado fr\u00edo-calor, permitiendo resguardar a los vecinos tanto de las altas temperaturas del verano como del fr\u00edo durante el invierno.<\/div>\n<div><\/div>\n<div>Esta primera parada est\u00e1 instalada en Plaza Madre Universal y forma parte de un plan integral que contempla la construcci\u00f3n de seis paradas inteligentes en distintos puntos estrat\u00e9gicos del departamento, con el objetivo de mejorar la calidad del servicio, brindar mayor comodidad y avanzar hacia una Rivadavia m\u00e1s moderna e inclusiva.<\/div>\n<div><\/div>\n<div><\/div>\n<div><img loading=\"lazy\" decoding=\"async\" class=\"alignnone size-full wp-image-95431\" src=\"https:\/\/vocesparalelas.com.ar\/sitio\/wp-content\/uploads\/2025\/12\/RIVADAVIA-PARADA-01.jpg\" alt=\"\" width=\"800\" height=\"498\" srcset=\"https:\/\/vocesparalelas.com.ar\/sitio\/wp-content\/uploads\/2025\/12\/RIVADAVIA-PARADA-01.jpg 800w, https:\/\/vocesparalelas.com.ar\/sitio\/wp-content\/uploads\/2025\/12\/RIVADAVIA-PARADA-01-300x187.jpg 300w, https:\/\/vocesparalelas.com.ar\/sitio\/wp-content\/uploads\/2025\/12\/RIVADAVIA-PARADA-01-768x478.jpg 768w\" sizes=\"auto, (max-width: 800px) 100vw, 800px\" \/><\/div>\n<div><\/div>\n<div>\n<p>Despu\u00e9s del corte de cinta el Secretario de Obra Municipal, Guido Marelo, explic\u00f3 el sentido de la Parada de Colectivo Inteligente, fundamentalmente, para los vecinos usuarios del transporte p\u00fablico.<\/p>\n<p>Posteriormente, la Ministra de Gobierno de San Juan, Dra. Laura Palma destac\u00f3 la importancia de aportar ideas desde el municipio de Rivadavia para ayudar a mejorar el servicio del transporte p\u00fablico para favorecer a los usuarios.<\/p>\n<p>&nbsp;<\/p>\n<p><iframe loading=\"lazy\" title=\"RIVADAVIA PARADA DE COLECTIVO INTELIGENTE \" width=\"800\" height=\"450\" src=\"https:\/\/www.youtube.com\/embed\/LqDDaxq8SfY?feature=oembed\" frameborder=\"0\" allow=\"accelerometer; autoplay; clipboard-write; encrypted-media; gyroscope; picture-in-picture; web-share\" referrerpolicy=\"strict-origin-when-cross-origin\" allowfullscreen><\/iframe><\/p>\n<p>&nbsp;<\/p>\n<p>Finalmente, del intendente de la Municipalidad de Rivadavia, Sergio Miodowsky destac\u00f3 que los logros en un a\u00f1o dif\u00edcil se logr\u00f3 gracias a la unidad del equipo de gesti\u00f3n.<\/p>\n<p><iframe loading=\"lazy\" title=\"RIVADAVIA INTENDENTE SERGIO MIODOWSKY \" width=\"800\" height=\"450\" src=\"https:\/\/www.youtube.com\/embed\/xMlbxy38Z_c?feature=oembed\" frameborder=\"0\" allow=\"accelerometer; autoplay; clipboard-write; encrypted-media; gyroscope; picture-in-picture; web-share\" referrerpolicy=\"strict-origin-when-cross-origin\" allowfullscreen><\/iframe><\/p>\n<\/div>\n<div><\/div>\n<div><strong><span style=\"color: #ff6600;\">Otras paradas de colectivos inteligentes<\/span><\/strong><\/div>\n<div><\/div>\n<ul>\n<li>Universidad Nacional de San Juan, en inmediaciones del sem\u00e1foro principal.<\/li>\n<li>Avenida Ignacio de la Roza y Meglioli, frente a complejo de departamentos.<\/li>\n<li>Avenida Ignacio de la Roza, a la altura de la Universidad Cat\u00f3lica de Cuyo.<\/li>\n<li>Calle Rastreador Cal\u00edvar, antes de llegar a Avenida Libertador, frente al Paseo Sarmiento y el edificio municipal.<\/li>\n<li>Avenida Libertador, frente al Hospital Marcial Quiroga, en cercan\u00edas del municipio.<\/li>\n<\/ul>\n<p><img loading=\"lazy\" decoding=\"async\" class=\"alignnone size-full wp-image-66896\" src=\"https:\/\/vocesparalelas.com.ar\/sitio\/wp-content\/uploads\/2023\/12\/RIVADAVIA-LOGO-NUEVO.jpg\" alt=\"\" width=\"800\" height=\"533\" srcset=\"https:\/\/vocesparalelas.com.ar\/sitio\/wp-content\/uploads\/2023\/12\/RIVADAVIA-LOGO-NUEVO.jpg 800w, https:\/\/vocesparalelas.com.ar\/sitio\/wp-content\/uploads\/2023\/12\/RIVADAVIA-LOGO-NUEVO-300x200.jpg 300w, https:\/\/vocesparalelas.com.ar\/sitio\/wp-content\/uploads\/2023\/12\/RIVADAVIA-LOGO-NUEVO-768x512.jpg 768w\" sizes=\"auto, (max-width: 800px) 100vw, 800px\" \/><\/p>\n","protected":false},"excerpt":{"rendered":"<p>La Municipalidad de Rivadavia suma innovaci\u00f3n al transporte p\u00fablico con una parada de colectivos de \u00faltima generaci\u00f3n, con aire acondicionado,<\/p>\n","protected":false},"author":3,"featured_media":95430,"comment_status":"closed","ping_status":"closed","sticky":false,"template":"","format":"standard","meta":{"_acf_changed":false,"_seopress_robots_primary_cat":"none","_seopress_titles_title":"","_seopress_titles_desc":"","_seopress_robots_index":"","colormag_page_container_layout":"default_layout","colormag_page_sidebar_layout":"default_layout","footnotes":""},"categories":[1,7],"tags":[],"class_list":["post-95427","post","type-post","status-publish","format-standard","has-post-thumbnail","hentry","category-destacadas","category-videos"],"acf":[],"_links":{"self":[{"href":"https:\/\/vocesparalelas.com.ar\/sitio\/wp-json\/wp\/v2\/posts\/95427","targetHints":{"allow":["GET"]}}],"collection":[{"href":"https:\/\/vocesparalelas.com.ar\/sitio\/wp-json\/wp\/v2\/posts"}],"about":[{"href":"https:\/\/vocesparalelas.com.ar\/sitio\/wp-json\/wp\/v2\/types\/post"}],"author":[{"embeddable":true,"href":"https:\/\/vocesparalelas.com.ar\/sitio\/wp-json\/wp\/v2\/users\/3"}],"replies":[{"embeddable":true,"href":"https:\/\/vocesparalelas.com.ar\/sitio\/wp-json\/wp\/v2\/comments?post=95427"}],"version-history":[{"count":1,"href":"https:\/\/vocesparalelas.com.ar\/sitio\/wp-json\/wp\/v2\/posts\/95427\/revisions"}],"predecessor-version":[{"id":95432,"href":"https:\/\/vocesparalelas.com.ar\/sitio\/wp-json\/wp\/v2\/posts\/95427\/revisions\/95432"}],"wp:featuredmedia":[{"embeddable":true,"href":"https:\/\/vocesparalelas.com.ar\/sitio\/wp-json\/wp\/v2\/media\/95430"}],"wp:attachment":[{"href":"https:\/\/vocesparalelas.com.ar\/sitio\/wp-json\/wp\/v2\/media?parent=95427"}],"wp:term":[{"taxonomy":"category","embeddable":true,"href":"https:\/\/vocesparalelas.com.ar\/sitio\/wp-json\/wp\/v2\/categories?post=95427"},{"taxonomy":"post_tag","embeddable":true,"href":"https:\/\/vocesparalelas.com.ar\/sitio\/wp-json\/wp\/v2\/tags?post=95427"}],"curies":[{"name":"wp","href":"https:\/\/api.w.org\/{rel}","templated":true}]}}