{"id":95406,"date":"2025-12-30T12:12:30","date_gmt":"2025-12-30T15:12:30","guid":{"rendered":"https:\/\/vocesparalelas.com.ar\/sitio\/?p=95406"},"modified":"2025-12-30T19:32:48","modified_gmt":"2025-12-30T22:32:48","slug":"polideportivo-para-los-vecinos-amantes-del-deporte-en-el-barrio-jardin-policial-en-rivadavia","status":"publish","type":"post","link":"https:\/\/vocesparalelas.com.ar\/sitio\/polideportivo-para-los-vecinos-amantes-del-deporte-en-el-barrio-jardin-policial-en-rivadavia\/","title":{"rendered":"Polideportivo para los vecinos amantes del Deporte en el Barrio Jard\u00edn Policial en Rivadavia"},"content":{"rendered":"<p>La Municipalidad de Rivadavia inaugur\u00f3 el nuevo Polideportivo del Barrio Jard\u00edn Policial, una obra integral que jerarquiza el sector y responde a un pedido hist\u00f3rico de la comunidad.<\/p>\n<p>El proyecto, impulsado por la gesti\u00f3n del intendente Sergio Miodowsky, combina infraestructura deportiva, espacios comunitarios y servicios p\u00fablicos, fortaleciendo el entramado social del barrio.<\/p>\n<p><img loading=\"lazy\" decoding=\"async\" class=\"alignnone size-full wp-image-95411\" src=\"https:\/\/vocesparalelas.com.ar\/sitio\/wp-content\/uploads\/2025\/12\/RIVADAVIA-POLIDEPORTIVO-BARRIO-03.jpg\" alt=\"\" width=\"800\" height=\"514\" srcset=\"https:\/\/vocesparalelas.com.ar\/sitio\/wp-content\/uploads\/2025\/12\/RIVADAVIA-POLIDEPORTIVO-BARRIO-03.jpg 800w, https:\/\/vocesparalelas.com.ar\/sitio\/wp-content\/uploads\/2025\/12\/RIVADAVIA-POLIDEPORTIVO-BARRIO-03-300x193.jpg 300w, https:\/\/vocesparalelas.com.ar\/sitio\/wp-content\/uploads\/2025\/12\/RIVADAVIA-POLIDEPORTIVO-BARRIO-03-768x493.jpg 768w\" sizes=\"auto, (max-width: 800px) 100vw, 800px\" \/><\/p>\n<p>Durante el acto, el intendente de la Municipalidad de Rivadavia, Sergio Miodowsky puntualiz\u00f3 que \u00abel fuerte v\u00ednculo personal que lo une con el lugar y con los vecinos. Esta inauguraci\u00f3n tiene una connotaci\u00f3n muy especial, porque estos son los vecinos de toda mi vida. En este barrio viv\u00ed desde que nac\u00ed hasta los 29 a\u00f1os, y ese cari\u00f1o se siente\u201d, expres\u00f3. Se trata de una obra largamente reclamada, este era un pedido de los vecinos desde hace muchos a\u00f1os, incluso desde cuando me toc\u00f3 ser diputado. Quer\u00edan un sal\u00f3n, quer\u00edan una delegaci\u00f3n del Registro Civil y una dependencia del municipio, y hoy eso es una realidad\u201d.<\/p>\n<p>\u00abEl nuevo polideportivo cuenta con un play\u00f3n deportivo de 600 metros cuadrados, construido con hormig\u00f3n elaborado armado H17, apto para m\u00faltiples disciplinas. A este espacio se suma un Sal\u00f3n de Usos M\u00faltiples de 180 metros cuadrados, pensado para actividades sociales, culturales y recreativas. En apenas dos meses pudimos concretar esta obra: hicimos el sal\u00f3n de usos m\u00faltiples, el play\u00f3n polideportivo, veredines, ba\u00f1os y oficinas. La verdad que estoy muy contento y muy orgulloso del equipo que tenemos\u201d.<\/p>\n<p>\u00abEl complejo tambi\u00e9n incorpora una oficina destinada al Registro Civil, de 30 metros cuadrados, y una oficina para la Comuna, de 25 metros cuadrados, acercando servicios esenciales a los vecinos del barrio. Adem\u00e1s, se construy\u00f3 un bloque sanitario de 50 metros cuadrados, completamente equipado. Quer\u00edamos cerrar este a\u00f1o con esta obra, y lo logramos gracias a un equipo que trabaja incansablemente\u201d.<\/p>\n<p>\u00abEl eje central de su gesti\u00f3n es esto porque parte de nuestra forma de trabajar: peque\u00f1as obras barriales, lo que el vecino pide en la puerta de su casa, de su barrio. Esa escucha activa nos permite saber a ciencia cierta qu\u00e9 necesita la gente, porque las realidades cambian todos los d\u00edas. Tenemos que seguir en esta senda del progreso, para que Rivadavia no se detenga, y hacerlo como lo venimos haciendo: cerca del vecino, trabajando juntos y cumpliendo\u201d &#8211; reflexion\u00f3 el intendente de la Municipalidad de Rivadavia, Sergio Miodowsky.<\/p>\n<p><iframe loading=\"lazy\" title=\"RIVADAVIA POLIDEPORTIVO BARRIO JARDIN POLICIAL\" width=\"563\" height=\"1000\" src=\"https:\/\/www.youtube.com\/embed\/PhlpxleWpP0?feature=oembed\" frameborder=\"0\" allow=\"accelerometer; autoplay; clipboard-write; encrypted-media; gyroscope; picture-in-picture; web-share\" referrerpolicy=\"strict-origin-when-cross-origin\" allowfullscreen><\/iframe><\/p>\n<p><span style=\"color: #ff6600;\"><strong>Parte T\u00e9cnica<\/strong><\/span><\/p>\n<p>Desde el punto de vista constructivo, el sal\u00f3n, las oficinas y los sanitarios fueron realizados con estructura met\u00e1lica y cerramientos livianos, con carpinter\u00eda de aluminio, pisos cer\u00e1micos, cielorrasos con luminarias, artefactos sanitarios y divisiones internas, garantizando funcionalidad y durabilidad. El espacio cuenta adem\u00e1s con cocina y \u00e1reas de servicio, pensadas para el uso cotidiano de la comunidad.<\/p>\n<p>La intervenci\u00f3n incluy\u00f3 tambi\u00e9n una fuerte mejora del entorno. Se construyeron 450 metros cuadrados de veredas perimetrales que integran sectores nuevos y existentes, se realizaron puentes rampa y reparaciones de cordones, y se incorporaron 700 metros cuadrados de c\u00e9sped tipo bermuda. A esto se sum\u00f3 la colocaci\u00f3n de nuevos juegos infantiles, aparatos de salud, bancos y cestos de residuos, promoviendo un uso inclusivo del espacio p\u00fablico.<\/p>\n<p>En materia de servicios, se complet\u00f3 la instalaci\u00f3n el\u00e9ctrica de la Uni\u00f3n Vecinal existente y se coloc\u00f3 un nuevo cartel indicador luminoso que identifica al polideportivo, reforzando la puesta en valor del barrio.<\/p>\n<p>Tambi\u00e9n se ejecut\u00f3 una mejora integral de la iluminaci\u00f3n, con el recambio de luminarias y la incorporaci\u00f3n de nuevas columnas, garantizando mayor seguridad y mejor aprovechamiento del predio en horario nocturno. La obra se complet\u00f3 con pintura general del play\u00f3n, juegos, cordones, puentes rampa y m\u00e1stiles.<\/p>\n<p>&nbsp;<\/p>\n<p><img loading=\"lazy\" decoding=\"async\" class=\"alignnone size-full wp-image-95409\" src=\"https:\/\/vocesparalelas.com.ar\/sitio\/wp-content\/uploads\/2025\/12\/RIVADAVIA-POLIDEPORTIVO-BARRIO-01.jpg\" alt=\"\" width=\"800\" height=\"450\" srcset=\"https:\/\/vocesparalelas.com.ar\/sitio\/wp-content\/uploads\/2025\/12\/RIVADAVIA-POLIDEPORTIVO-BARRIO-01.jpg 800w, https:\/\/vocesparalelas.com.ar\/sitio\/wp-content\/uploads\/2025\/12\/RIVADAVIA-POLIDEPORTIVO-BARRIO-01-300x169.jpg 300w, https:\/\/vocesparalelas.com.ar\/sitio\/wp-content\/uploads\/2025\/12\/RIVADAVIA-POLIDEPORTIVO-BARRIO-01-768x432.jpg 768w\" sizes=\"auto, (max-width: 800px) 100vw, 800px\" \/><\/p>\n","protected":false},"excerpt":{"rendered":"<p>La Municipalidad de Rivadavia inaugur\u00f3 el nuevo Polideportivo del Barrio Jard\u00edn Policial, una obra integral que jerarquiza el sector y<\/p>\n","protected":false},"author":3,"featured_media":95410,"comment_status":"closed","ping_status":"closed","sticky":false,"template":"","format":"standard","meta":{"_acf_changed":false,"_seopress_robots_primary_cat":"none","_seopress_titles_title":"","_seopress_titles_desc":"","_seopress_robots_index":"","colormag_page_container_layout":"default_layout","colormag_page_sidebar_layout":"default_layout","footnotes":""},"categories":[1,7],"tags":[],"class_list":["post-95406","post","type-post","status-publish","format-standard","has-post-thumbnail","hentry","category-destacadas","category-videos"],"acf":[],"_links":{"self":[{"href":"https:\/\/vocesparalelas.com.ar\/sitio\/wp-json\/wp\/v2\/posts\/95406","targetHints":{"allow":["GET"]}}],"collection":[{"href":"https:\/\/vocesparalelas.com.ar\/sitio\/wp-json\/wp\/v2\/posts"}],"about":[{"href":"https:\/\/vocesparalelas.com.ar\/sitio\/wp-json\/wp\/v2\/types\/post"}],"author":[{"embeddable":true,"href":"https:\/\/vocesparalelas.com.ar\/sitio\/wp-json\/wp\/v2\/users\/3"}],"replies":[{"embeddable":true,"href":"https:\/\/vocesparalelas.com.ar\/sitio\/wp-json\/wp\/v2\/comments?post=95406"}],"version-history":[{"count":2,"href":"https:\/\/vocesparalelas.com.ar\/sitio\/wp-json\/wp\/v2\/posts\/95406\/revisions"}],"predecessor-version":[{"id":95418,"href":"https:\/\/vocesparalelas.com.ar\/sitio\/wp-json\/wp\/v2\/posts\/95406\/revisions\/95418"}],"wp:featuredmedia":[{"embeddable":true,"href":"https:\/\/vocesparalelas.com.ar\/sitio\/wp-json\/wp\/v2\/media\/95410"}],"wp:attachment":[{"href":"https:\/\/vocesparalelas.com.ar\/sitio\/wp-json\/wp\/v2\/media?parent=95406"}],"wp:term":[{"taxonomy":"category","embeddable":true,"href":"https:\/\/vocesparalelas.com.ar\/sitio\/wp-json\/wp\/v2\/categories?post=95406"},{"taxonomy":"post_tag","embeddable":true,"href":"https:\/\/vocesparalelas.com.ar\/sitio\/wp-json\/wp\/v2\/tags?post=95406"}],"curies":[{"name":"wp","href":"https:\/\/api.w.org\/{rel}","templated":true}]}}