{"id":95402,"date":"2025-12-30T11:40:39","date_gmt":"2025-12-30T14:40:39","guid":{"rendered":"https:\/\/vocesparalelas.com.ar\/sitio\/?p=95402"},"modified":"2025-12-30T11:40:39","modified_gmt":"2025-12-30T14:40:39","slug":"servicios-de-colectivos-de-la-redtulum-de-san-juan","status":"publish","type":"post","link":"https:\/\/vocesparalelas.com.ar\/sitio\/servicios-de-colectivos-de-la-redtulum-de-san-juan\/","title":{"rendered":"Servicios de colectivos de la RedTulum de San Juan"},"content":{"rendered":"<p>El Ministerio de Gobierno de San Juan informa a la comunidad que, con motivo de las celebraciones de fin de a\u00f1o, el transporte p\u00fablico de pasajeros tiene un esquema especial de funcionamiento.<\/p>\n<ul>\n<li>Mi\u00e9rcoles 31 de Diciembre de 2025, los colectivos circulan con frecuencia de d\u00eda s\u00e1bado, prestando servicio hasta las 22 hs.<\/li>\n<li>Jueves, 1 de Enero de 2026, por primera vez, el servicio de transporte p\u00fablico funciona como d\u00eda feriado, desde las 9 a 22 hs.<\/li>\n<\/ul>\n<p>De esta manera, el Gobierno de San Juan, a trav\u00e9s del Ministerio de Gobierno, garantiza una alternativa de movilidad para quienes necesiten trasladarse durante el inicio del nuevo a\u00f1o, acompa\u00f1ando a los sanjuaninos con un sistema de transporte m\u00e1s accesible y previsible.<\/p>\n<p>&nbsp;<\/p>\n<p><img loading=\"lazy\" decoding=\"async\" class=\"alignnone size-full wp-image-74417\" src=\"https:\/\/vocesparalelas.com.ar\/sitio\/wp-content\/uploads\/2024\/07\/REDTULUM-LOGO.jpg\" alt=\"\" width=\"800\" height=\"600\" srcset=\"https:\/\/vocesparalelas.com.ar\/sitio\/wp-content\/uploads\/2024\/07\/REDTULUM-LOGO.jpg 800w, https:\/\/vocesparalelas.com.ar\/sitio\/wp-content\/uploads\/2024\/07\/REDTULUM-LOGO-300x225.jpg 300w, https:\/\/vocesparalelas.com.ar\/sitio\/wp-content\/uploads\/2024\/07\/REDTULUM-LOGO-768x576.jpg 768w\" sizes=\"auto, (max-width: 800px) 100vw, 800px\" \/><\/p>\n","protected":false},"excerpt":{"rendered":"<p>El Ministerio de Gobierno de San Juan informa a la comunidad que, con motivo de las celebraciones de fin de<\/p>\n","protected":false},"author":3,"featured_media":83510,"comment_status":"closed","ping_status":"closed","sticky":false,"template":"","format":"standard","meta":{"_acf_changed":false,"_seopress_robots_primary_cat":"none","_seopress_titles_title":"","_seopress_titles_desc":"","_seopress_robots_index":"","colormag_page_container_layout":"default_layout","colormag_page_sidebar_layout":"default_layout","footnotes":""},"categories":[1],"tags":[],"class_list":["post-95402","post","type-post","status-publish","format-standard","has-post-thumbnail","hentry","category-destacadas"],"acf":[],"_links":{"self":[{"href":"https:\/\/vocesparalelas.com.ar\/sitio\/wp-json\/wp\/v2\/posts\/95402","targetHints":{"allow":["GET"]}}],"collection":[{"href":"https:\/\/vocesparalelas.com.ar\/sitio\/wp-json\/wp\/v2\/posts"}],"about":[{"href":"https:\/\/vocesparalelas.com.ar\/sitio\/wp-json\/wp\/v2\/types\/post"}],"author":[{"embeddable":true,"href":"https:\/\/vocesparalelas.com.ar\/sitio\/wp-json\/wp\/v2\/users\/3"}],"replies":[{"embeddable":true,"href":"https:\/\/vocesparalelas.com.ar\/sitio\/wp-json\/wp\/v2\/comments?post=95402"}],"version-history":[{"count":1,"href":"https:\/\/vocesparalelas.com.ar\/sitio\/wp-json\/wp\/v2\/posts\/95402\/revisions"}],"predecessor-version":[{"id":95405,"href":"https:\/\/vocesparalelas.com.ar\/sitio\/wp-json\/wp\/v2\/posts\/95402\/revisions\/95405"}],"wp:featuredmedia":[{"embeddable":true,"href":"https:\/\/vocesparalelas.com.ar\/sitio\/wp-json\/wp\/v2\/media\/83510"}],"wp:attachment":[{"href":"https:\/\/vocesparalelas.com.ar\/sitio\/wp-json\/wp\/v2\/media?parent=95402"}],"wp:term":[{"taxonomy":"category","embeddable":true,"href":"https:\/\/vocesparalelas.com.ar\/sitio\/wp-json\/wp\/v2\/categories?post=95402"},{"taxonomy":"post_tag","embeddable":true,"href":"https:\/\/vocesparalelas.com.ar\/sitio\/wp-json\/wp\/v2\/tags?post=95402"}],"curies":[{"name":"wp","href":"https:\/\/api.w.org\/{rel}","templated":true}]}}