{"id":95397,"date":"2025-12-30T11:28:03","date_gmt":"2025-12-30T14:28:03","guid":{"rendered":"https:\/\/vocesparalelas.com.ar\/sitio\/?p=95397"},"modified":"2025-12-30T11:28:26","modified_gmt":"2025-12-30T14:28:26","slug":"se-habilito-la-terapia-intensiva-del-hospital-san-roque-del-departamento-jachal-de-san-juan","status":"publish","type":"post","link":"https:\/\/vocesparalelas.com.ar\/sitio\/se-habilito-la-terapia-intensiva-del-hospital-san-roque-del-departamento-jachal-de-san-juan\/","title":{"rendered":"Se habilit\u00f3 la Terapia Intensiva del Hospital San Roque del Departamento J\u00e1chal de San Juan"},"content":{"rendered":"<p>El Hospital San Roque del Ministerio de Salud del Gobierno de San Juan se suma a los servicio de alta complejidad que permite atender a pacientes cr\u00edticos en el Departamento J\u00e1chal, evitando traslados a los Hospitales de la Capital de San Juan.<\/p>\n<p>La puesta en funcionamiento estuvo presidido por el ministro de Salud del Gobierno de San Juan, Dr. Amilcar Dobladez, junto al director del Hospital San Roque, Dr. Carlos P\u00e1ez, y el jefe de la Terapia Intensiva del nosocomio, Dr. Ernesto Vera Monfort. El nuevo sector cuenta con varias camas equipadas con respiradores, respirador de traslado y tecnolog\u00eda de \u00faltima generaci\u00f3n.<\/p>\n<p>Con esta incorporaci\u00f3n, el Hospital San Roque deja de derivar pacientes a los Hospitales de la Ciudad Capital, Dr. Guillermo Rawson y Dr. Marcial Quiroga, garantizando la atenci\u00f3n en el lugar de residencia y zonas aleda\u00f1as.<\/p>\n<p>Esto representa un avance significativo no solo en t\u00e9rminos sanitarios, sino tambi\u00e9n a nivel familiar y social, ya que los pacientes podr\u00e1n permanecer acompa\u00f1ados por su entorno cercano. Adem\u00e1s, la medida contribuye a descongestionar los hospitales de mayor complejidad de la provincia.<\/p>\n<p>La Terapia Intensiva comenz\u00f3 a funcionar el 13 de Diciembre de 2025 y, hasta el momento, ya se registraron 10 ingresos. El servicio cuenta con guardia activa las 24 horas y dispone de cuatro unidades de alta complejidad.<\/p>\n<p>La unidad est\u00e1 integrada por un equipo interdisciplinario conformado por trabajadores sociales, psic\u00f3logos, nutricionistas, enfermeros, kinesi\u00f3logos, personal administrativo y m\u00e9dicos rotantes de manera permanente, garantizando que en ning\u00fan momento quede sin cobertura m\u00e9dica.<\/p>\n<p>Al respecto, el ministro de Salud, Dr. Amilcar Dobladez destac\u00f3 que \u00abeste es un gran momento para la salud de J\u00e1chal. Tener Terapia Intensiva es un avance muy importante para la calidad de atenci\u00f3n, ya que los pacientes no ser\u00e1n derivados. Es un pedido del gobernador que en abril de este a\u00f1o prometi\u00f3 la Terapia Intensiva y nos pidi\u00f3 que pusi\u00e9ramos los recursos humanos para dejarla en funciones. Agradezco al equipo que hizo posible el proyecto: Tengo que agradecer al director del hospital por haber impulsado el proyecto, al doctor Vera, que adem\u00e1s es presidente de la Sociedad Sanjuanina de Terapia Intensiva, por acompa\u00f1ar esta iniciativa y aportar los recursos humanos necesarios. Estamos cumpliendo la palabra del gobernador y brindando un servicio enorme para los pacientes de J\u00e1chal\u201d.<\/p>\n<p><strong><span style=\"color: #ff0000;\">Caracter\u00edsticas t\u00e9cnicas de cada unidad<\/span><\/strong><\/p>\n<ul>\n<li>Bomba de infusi\u00f3n<\/li>\n<li>Monitores multiparam\u00e9tricos<\/li>\n<li>Cuatro respiradores de Asistencia Respiratoria Mec\u00e1nica (ARM)<\/li>\n<li>Un respirador de transporte<\/li>\n<li>Equipamiento de \u00faltima generaci\u00f3n<\/li>\n<li>Unidades de soporte como laboratorio, diagn\u00f3stico por im\u00e1genes, farmacia y hemoterapia<\/li>\n<li>Protocolos, manuales de funciones y registros inform\u00e1ticos<\/li>\n<\/ul>\n<p>Con esta habilitaci\u00f3n, el sistema de salud provincial fortalece la atenci\u00f3n en el norte sanjuanino, acercando servicios cr\u00edticos y mejorando la capacidad de respuesta ante situaciones de alta complejidad.<\/p>\n<p>&nbsp;<\/p>\n<p><img loading=\"lazy\" decoding=\"async\" class=\"alignnone size-full wp-image-58562\" src=\"https:\/\/vocesparalelas.com.ar\/sitio\/wp-content\/uploads\/2023\/04\/HOSPITAL-SAN-ROQUE.jpg\" alt=\"\" width=\"800\" height=\"450\" srcset=\"https:\/\/vocesparalelas.com.ar\/sitio\/wp-content\/uploads\/2023\/04\/HOSPITAL-SAN-ROQUE.jpg 800w, https:\/\/vocesparalelas.com.ar\/sitio\/wp-content\/uploads\/2023\/04\/HOSPITAL-SAN-ROQUE-300x169.jpg 300w, https:\/\/vocesparalelas.com.ar\/sitio\/wp-content\/uploads\/2023\/04\/HOSPITAL-SAN-ROQUE-768x432.jpg 768w\" sizes=\"auto, (max-width: 800px) 100vw, 800px\" \/><\/p>\n","protected":false},"excerpt":{"rendered":"<p>El Hospital San Roque del Ministerio de Salud del Gobierno de San Juan se suma a los servicio de alta<\/p>\n","protected":false},"author":3,"featured_media":95400,"comment_status":"closed","ping_status":"closed","sticky":false,"template":"","format":"standard","meta":{"_acf_changed":false,"_seopress_robots_primary_cat":"none","_seopress_titles_title":"","_seopress_titles_desc":"","_seopress_robots_index":"","colormag_page_container_layout":"default_layout","colormag_page_sidebar_layout":"default_layout","footnotes":""},"categories":[1],"tags":[],"class_list":["post-95397","post","type-post","status-publish","format-standard","has-post-thumbnail","hentry","category-destacadas"],"acf":[],"_links":{"self":[{"href":"https:\/\/vocesparalelas.com.ar\/sitio\/wp-json\/wp\/v2\/posts\/95397","targetHints":{"allow":["GET"]}}],"collection":[{"href":"https:\/\/vocesparalelas.com.ar\/sitio\/wp-json\/wp\/v2\/posts"}],"about":[{"href":"https:\/\/vocesparalelas.com.ar\/sitio\/wp-json\/wp\/v2\/types\/post"}],"author":[{"embeddable":true,"href":"https:\/\/vocesparalelas.com.ar\/sitio\/wp-json\/wp\/v2\/users\/3"}],"replies":[{"embeddable":true,"href":"https:\/\/vocesparalelas.com.ar\/sitio\/wp-json\/wp\/v2\/comments?post=95397"}],"version-history":[{"count":1,"href":"https:\/\/vocesparalelas.com.ar\/sitio\/wp-json\/wp\/v2\/posts\/95397\/revisions"}],"predecessor-version":[{"id":95401,"href":"https:\/\/vocesparalelas.com.ar\/sitio\/wp-json\/wp\/v2\/posts\/95397\/revisions\/95401"}],"wp:featuredmedia":[{"embeddable":true,"href":"https:\/\/vocesparalelas.com.ar\/sitio\/wp-json\/wp\/v2\/media\/95400"}],"wp:attachment":[{"href":"https:\/\/vocesparalelas.com.ar\/sitio\/wp-json\/wp\/v2\/media?parent=95397"}],"wp:term":[{"taxonomy":"category","embeddable":true,"href":"https:\/\/vocesparalelas.com.ar\/sitio\/wp-json\/wp\/v2\/categories?post=95397"},{"taxonomy":"post_tag","embeddable":true,"href":"https:\/\/vocesparalelas.com.ar\/sitio\/wp-json\/wp\/v2\/tags?post=95397"}],"curies":[{"name":"wp","href":"https:\/\/api.w.org\/{rel}","templated":true}]}}