{"id":95391,"date":"2025-12-30T10:57:47","date_gmt":"2025-12-30T13:57:47","guid":{"rendered":"https:\/\/vocesparalelas.com.ar\/sitio\/?p=95391"},"modified":"2025-12-31T11:48:45","modified_gmt":"2025-12-31T14:48:45","slug":"horarios-de-ingreso-anual-al-parque-provincial-ischigualasto-de-san-juan","status":"publish","type":"post","link":"https:\/\/vocesparalelas.com.ar\/sitio\/horarios-de-ingreso-anual-al-parque-provincial-ischigualasto-de-san-juan\/","title":{"rendered":"Horarios de ingreso anual al Parque Provincial Ischigualasto de San Juan"},"content":{"rendered":"<p>El Parque Provincial Ischigualasto en San Juan redefini\u00f3 su cronograma de ingresos para la temporada de verano con el objetivo de mejorar la experiencia de los visitantes y optimizar los recorridos ante las altas temperaturas. Las nuevas disposiciones se encuentran vigentes hasta el 20 de marzo de 2026.<\/p>\n<p>Durante este periodo,\u00a0los horarios de ingreso al parque ser\u00e1n a las 8, 9, 10, 11, 16 y 17 hs, lo que permitir\u00e1 una mejor distribuci\u00f3n del p\u00fablico entre la ma\u00f1ana y la tarde, favoreciendo visitas en momentos de temperaturas m\u00e1s moderadas y recorridos m\u00e1s confortables.<\/p>\n<p>Como complemento a su oferta tur\u00edstica,\u00a0Ischigualasto dio a conocer el calendario de fechas de Luna Llena para el a\u00f1o 2026, un atractivo especialmente valorado por quienes buscan vivir el parque en un entorno nocturno \u00fanico. Las fechas previstas son:<\/p>\n<ul>\n<li>Enero: 2, 3 y 4 \/ 30 y 31<\/li>\n<li>Febrero: 1 y 2<\/li>\n<li>Marzo: 1, 2, 3 y 4 \/ 30 y 31<\/li>\n<li>Abril: 1 y 2 \/ 29 y 30<\/li>\n<li>Mayo: 1 y 2 \/ 29, 30 y 31<\/li>\n<li>Junio: 1 \/ 27, 28, 29 y 30<\/li>\n<li>Julio: 27, 28, 29 y 30<\/li>\n<li>Agosto: 26, 27, 28 y 29<\/li>\n<li>Septiembre: 24, 25, 26 y 27<\/li>\n<li>Octubre: 24, 25, 26 y 27<\/li>\n<li>Noviembre: 22, 23, 24 y 25<\/li>\n<li>Diciembre: 21, 22 y 23<\/li>\n<\/ul>\n<p>Las\u00a0consultas y reservas\u00a0pueden realizarse a trav\u00e9s de los\u00a0tel\u00e9fonos 264 4570879 y 264 4186119, o v\u00eda correo electr\u00f3nico a<\/p>\n<p><span id=\"cloaka4fce3c15ca773d31a32a37baabf848c\"><a href=\"mailto:reservas.ischigualasto@gmail.com\">reservas.ischigualasto@gmail.com<\/a><\/span><\/p>\n<p>&nbsp;<\/p>\n<p><img loading=\"lazy\" decoding=\"async\" class=\"alignnone size-large wp-image-2859\" src=\"https:\/\/vocesparalelas.com.ar\/sitio\/wp-content\/uploads\/2017\/07\/ISCHIGUALASTO-VALLE-DE-LA-LUNA-800x396.jpg\" alt=\"\" width=\"800\" height=\"396\" srcset=\"https:\/\/vocesparalelas.com.ar\/sitio\/wp-content\/uploads\/2017\/07\/ISCHIGUALASTO-VALLE-DE-LA-LUNA-800x396.jpg 800w, https:\/\/vocesparalelas.com.ar\/sitio\/wp-content\/uploads\/2017\/07\/ISCHIGUALASTO-VALLE-DE-LA-LUNA-300x149.jpg 300w, https:\/\/vocesparalelas.com.ar\/sitio\/wp-content\/uploads\/2017\/07\/ISCHIGUALASTO-VALLE-DE-LA-LUNA-768x381.jpg 768w, https:\/\/vocesparalelas.com.ar\/sitio\/wp-content\/uploads\/2017\/07\/ISCHIGUALASTO-VALLE-DE-LA-LUNA.jpg 900w\" sizes=\"auto, (max-width: 800px) 100vw, 800px\" \/><\/p>\n","protected":false},"excerpt":{"rendered":"<p>El Parque Provincial Ischigualasto en San Juan redefini\u00f3 su cronograma de ingresos para la temporada de verano con el objetivo<\/p>\n","protected":false},"author":3,"featured_media":20848,"comment_status":"closed","ping_status":"closed","sticky":false,"template":"","format":"standard","meta":{"_acf_changed":false,"_seopress_robots_primary_cat":"none","_seopress_titles_title":"","_seopress_titles_desc":"","_seopress_robots_index":"","colormag_page_container_layout":"default_layout","colormag_page_sidebar_layout":"default_layout","footnotes":""},"categories":[20],"tags":[],"class_list":["post-95391","post","type-post","status-publish","format-standard","has-post-thumbnail","hentry","category-cartelera"],"acf":[],"_links":{"self":[{"href":"https:\/\/vocesparalelas.com.ar\/sitio\/wp-json\/wp\/v2\/posts\/95391","targetHints":{"allow":["GET"]}}],"collection":[{"href":"https:\/\/vocesparalelas.com.ar\/sitio\/wp-json\/wp\/v2\/posts"}],"about":[{"href":"https:\/\/vocesparalelas.com.ar\/sitio\/wp-json\/wp\/v2\/types\/post"}],"author":[{"embeddable":true,"href":"https:\/\/vocesparalelas.com.ar\/sitio\/wp-json\/wp\/v2\/users\/3"}],"replies":[{"embeddable":true,"href":"https:\/\/vocesparalelas.com.ar\/sitio\/wp-json\/wp\/v2\/comments?post=95391"}],"version-history":[{"count":3,"href":"https:\/\/vocesparalelas.com.ar\/sitio\/wp-json\/wp\/v2\/posts\/95391\/revisions"}],"predecessor-version":[{"id":95396,"href":"https:\/\/vocesparalelas.com.ar\/sitio\/wp-json\/wp\/v2\/posts\/95391\/revisions\/95396"}],"wp:featuredmedia":[{"embeddable":true,"href":"https:\/\/vocesparalelas.com.ar\/sitio\/wp-json\/wp\/v2\/media\/20848"}],"wp:attachment":[{"href":"https:\/\/vocesparalelas.com.ar\/sitio\/wp-json\/wp\/v2\/media?parent=95391"}],"wp:term":[{"taxonomy":"category","embeddable":true,"href":"https:\/\/vocesparalelas.com.ar\/sitio\/wp-json\/wp\/v2\/categories?post=95391"},{"taxonomy":"post_tag","embeddable":true,"href":"https:\/\/vocesparalelas.com.ar\/sitio\/wp-json\/wp\/v2\/tags?post=95391"}],"curies":[{"name":"wp","href":"https:\/\/api.w.org\/{rel}","templated":true}]}}