{"id":95387,"date":"2025-12-30T10:38:43","date_gmt":"2025-12-30T13:38:43","guid":{"rendered":"https:\/\/vocesparalelas.com.ar\/sitio\/?p=95387"},"modified":"2025-12-31T11:48:17","modified_gmt":"2025-12-31T14:48:17","slug":"visitas-guiadas-en-el-teatro-del-bicentenario-de-san-juan","status":"publish","type":"post","link":"https:\/\/vocesparalelas.com.ar\/sitio\/visitas-guiadas-en-el-teatro-del-bicentenario-de-san-juan\/","title":{"rendered":"Visitas guiadas en el Teatro del Bicentenario de San Juan"},"content":{"rendered":"<p>El Teatro del Bicentenario, espacio dependiente del Ministerio de Turismo, Cultura y Deporte del Gobierno de San Juan, contin\u00faa recibiendo a interesados que desean conocer por dentro uno de los polos culturales m\u00e1s importantes de la provincia de San Juan.<\/p>\n<p>En este marco,\u00a0las visitas guiadas se realizan de Lunes a S\u00e1bado, a las 10:30, 18:00 y 19:00 hs, mientras que\u00a0los Domingos ofrece una visita expr\u00e9s a las 18 s.<\/p>\n<p>Esta propuesta, apta para el p\u00fablico en general, tiene una\u00a0duraci\u00f3n aproximada de una hora\u00a0y\u00a0permite recorrer espacios emblem\u00e1ticos\u00a0como la Sala Principal, Sala Audit\u00f3rium y Sala de Ensayo de Orquesta, entre otros sectores del teatro, siempre acompa\u00f1ados por un gu\u00eda especializado.\u00a0Cabe destacar que\u00a0las visitas son gratuitas\u00a0y no requieren reserva previa.<\/p>\n<p>As\u00ed mismo, el horario de atenci\u00f3n al p\u00fablico se realiza de Lunes a Viernes, de 10 a 13 y de 17 a 20 hs. y los Domingos de 17 a 19 hs.<\/p>\n<p>Por otro lado, se informa que el Mi\u00e9rcoles, 31 de Diciembre de 2025 y el Jueves, 1 de Enero de 2026 no se realizan visitas guiadas.<\/p>\n<p>&nbsp;<\/p>\n<p><img loading=\"lazy\" decoding=\"async\" class=\"alignnone size-large wp-image-21666\" src=\"https:\/\/vocesparalelas.com.ar\/sitio\/wp-content\/uploads\/2019\/06\/TEATRO-BICENTENARIO-10-800x600.jpg\" alt=\"\" width=\"800\" height=\"600\" srcset=\"https:\/\/vocesparalelas.com.ar\/sitio\/wp-content\/uploads\/2019\/06\/TEATRO-BICENTENARIO-10-800x600.jpg 800w, https:\/\/vocesparalelas.com.ar\/sitio\/wp-content\/uploads\/2019\/06\/TEATRO-BICENTENARIO-10-300x225.jpg 300w, https:\/\/vocesparalelas.com.ar\/sitio\/wp-content\/uploads\/2019\/06\/TEATRO-BICENTENARIO-10-768x576.jpg 768w, https:\/\/vocesparalelas.com.ar\/sitio\/wp-content\/uploads\/2019\/06\/TEATRO-BICENTENARIO-10.jpg 1000w\" sizes=\"auto, (max-width: 800px) 100vw, 800px\" \/><\/p>\n","protected":false},"excerpt":{"rendered":"<p>El Teatro del Bicentenario, espacio dependiente del Ministerio de Turismo, Cultura y Deporte del Gobierno de San Juan, contin\u00faa recibiendo<\/p>\n","protected":false},"author":3,"featured_media":6493,"comment_status":"closed","ping_status":"closed","sticky":false,"template":"","format":"standard","meta":{"_acf_changed":false,"_seopress_robots_primary_cat":"none","_seopress_titles_title":"","_seopress_titles_desc":"","_seopress_robots_index":"","colormag_page_container_layout":"default_layout","colormag_page_sidebar_layout":"default_layout","footnotes":""},"categories":[20],"tags":[],"class_list":["post-95387","post","type-post","status-publish","format-standard","has-post-thumbnail","hentry","category-cartelera"],"acf":[],"_links":{"self":[{"href":"https:\/\/vocesparalelas.com.ar\/sitio\/wp-json\/wp\/v2\/posts\/95387","targetHints":{"allow":["GET"]}}],"collection":[{"href":"https:\/\/vocesparalelas.com.ar\/sitio\/wp-json\/wp\/v2\/posts"}],"about":[{"href":"https:\/\/vocesparalelas.com.ar\/sitio\/wp-json\/wp\/v2\/types\/post"}],"author":[{"embeddable":true,"href":"https:\/\/vocesparalelas.com.ar\/sitio\/wp-json\/wp\/v2\/users\/3"}],"replies":[{"embeddable":true,"href":"https:\/\/vocesparalelas.com.ar\/sitio\/wp-json\/wp\/v2\/comments?post=95387"}],"version-history":[{"count":1,"href":"https:\/\/vocesparalelas.com.ar\/sitio\/wp-json\/wp\/v2\/posts\/95387\/revisions"}],"predecessor-version":[{"id":95390,"href":"https:\/\/vocesparalelas.com.ar\/sitio\/wp-json\/wp\/v2\/posts\/95387\/revisions\/95390"}],"wp:featuredmedia":[{"embeddable":true,"href":"https:\/\/vocesparalelas.com.ar\/sitio\/wp-json\/wp\/v2\/media\/6493"}],"wp:attachment":[{"href":"https:\/\/vocesparalelas.com.ar\/sitio\/wp-json\/wp\/v2\/media?parent=95387"}],"wp:term":[{"taxonomy":"category","embeddable":true,"href":"https:\/\/vocesparalelas.com.ar\/sitio\/wp-json\/wp\/v2\/categories?post=95387"},{"taxonomy":"post_tag","embeddable":true,"href":"https:\/\/vocesparalelas.com.ar\/sitio\/wp-json\/wp\/v2\/tags?post=95387"}],"curies":[{"name":"wp","href":"https:\/\/api.w.org\/{rel}","templated":true}]}}