{"id":95379,"date":"2025-12-30T10:06:53","date_gmt":"2025-12-30T13:06:53","guid":{"rendered":"https:\/\/vocesparalelas.com.ar\/sitio\/?p=95379"},"modified":"2025-12-31T11:09:26","modified_gmt":"2025-12-31T14:09:26","slug":"operativo-especial-de-seguridad-y-transito-de-la-policia-de-san-juan","status":"publish","type":"post","link":"https:\/\/vocesparalelas.com.ar\/sitio\/operativo-especial-de-seguridad-y-transito-de-la-policia-de-san-juan\/","title":{"rendered":"Operativo especial de seguridad y tr\u00e1nsito de la Polic\u00eda de San Juan"},"content":{"rendered":"<p>Bajo un esquema preventivo ampliado, la Polic\u00eda de San Juan aplica un dispositivo especial en rutas, accesos y espacios de alta concurrencia durante las celebraciones de fin de 2025.<\/p>\n<p>La Secretar\u00eda de Estado de Seguridad y Orden P\u00fablico del Gobierno de San Juan, a trav\u00e9s de la Polic\u00eda de San Juan, pone en marcha un operativo especial de seguridad y tr\u00e1nsito con motivo de los festejos de A\u00f1o Nuevo, que se desarrollar\u00e1 en toda la Provincia y contar\u00e1 con un refuerzo significativo de recursos humanos y log\u00edsticos.<\/p>\n<p>El dispositivo comienza de manera anticipada y se extiende durante el 31 de Diciembre de 2025 y el 1 de Enero de 2026, con el objetivo de prevenir incidentes y ordenar la circulaci\u00f3n vehicular.<\/p>\n<p>El esquema operativo mantiene parte de la estructura aplicada durante Navidad, aunque incorpora ajustes en funci\u00f3n del movimiento previsto y los antecedentes recientes. En ese marco, se dispuso la afectaci\u00f3n de 580 efectivos policiales, es decir 80 m\u00e1s que ser\u00e1n distribuidos en 10 puestos de control estrat\u00e9gicamente ubicados en puntos clave del territorio provincial.<\/p>\n<p>El despliegue est\u00e1 orientado a brindar seguridad en comercios, barrios, rutas y sectores de alta concentraci\u00f3n de personas, como balnearios, piletas y campings. Adem\u00e1s, se realizar\u00e1n controles de alcoholemia y operativos viales rotativos en accesos y rutas principales, reforzando la prevenci\u00f3n durante las celebraciones.<\/p>\n<p>La cobertura incluye los principales ingresos a la provincia de San Juan, rutas hacia zonas tur\u00edsticas, el perilago y los accesos a los diques, abarcando los cuatro puntos cardinales. Durante las 48 horas de vigencia del operativo, se llevar\u00e1n adelante m\u00e1s de 100 procedimientos preventivos en distintos puntos de San Juan.<\/p>\n<p>Es importante recordar a la comunidad a respetar las normas de tr\u00e1nsito y las recomendaciones de seguridad, con el fin de que los festejos se desarrollen con normalidad.<\/p>\n<p>El operativo busca garantizar tranquilidad y acompa\u00f1amiento a la ciudadan\u00eda durante una de las fechas de mayor movimiento del a\u00f1o.<\/p>\n<p><img loading=\"lazy\" decoding=\"async\" class=\"alignnone size-full wp-image-59001\" src=\"https:\/\/vocesparalelas.com.ar\/sitio\/wp-content\/uploads\/2023\/05\/POLICIA-LOGO.jpg\" alt=\"\" width=\"800\" height=\"600\" srcset=\"https:\/\/vocesparalelas.com.ar\/sitio\/wp-content\/uploads\/2023\/05\/POLICIA-LOGO.jpg 800w, https:\/\/vocesparalelas.com.ar\/sitio\/wp-content\/uploads\/2023\/05\/POLICIA-LOGO-300x225.jpg 300w, https:\/\/vocesparalelas.com.ar\/sitio\/wp-content\/uploads\/2023\/05\/POLICIA-LOGO-768x576.jpg 768w\" sizes=\"auto, (max-width: 800px) 100vw, 800px\" \/><\/p>\n","protected":false},"excerpt":{"rendered":"<p>Bajo un esquema preventivo ampliado, la Polic\u00eda de San Juan aplica un dispositivo especial en rutas, accesos y espacios de<\/p>\n","protected":false},"author":3,"featured_media":32533,"comment_status":"closed","ping_status":"closed","sticky":false,"template":"","format":"standard","meta":{"_acf_changed":false,"_seopress_robots_primary_cat":"none","_seopress_titles_title":"","_seopress_titles_desc":"","_seopress_robots_index":"","colormag_page_container_layout":"default_layout","colormag_page_sidebar_layout":"default_layout","footnotes":""},"categories":[6],"tags":[],"class_list":["post-95379","post","type-post","status-publish","format-standard","has-post-thumbnail","hentry","category-eventos"],"acf":[],"_links":{"self":[{"href":"https:\/\/vocesparalelas.com.ar\/sitio\/wp-json\/wp\/v2\/posts\/95379","targetHints":{"allow":["GET"]}}],"collection":[{"href":"https:\/\/vocesparalelas.com.ar\/sitio\/wp-json\/wp\/v2\/posts"}],"about":[{"href":"https:\/\/vocesparalelas.com.ar\/sitio\/wp-json\/wp\/v2\/types\/post"}],"author":[{"embeddable":true,"href":"https:\/\/vocesparalelas.com.ar\/sitio\/wp-json\/wp\/v2\/users\/3"}],"replies":[{"embeddable":true,"href":"https:\/\/vocesparalelas.com.ar\/sitio\/wp-json\/wp\/v2\/comments?post=95379"}],"version-history":[{"count":1,"href":"https:\/\/vocesparalelas.com.ar\/sitio\/wp-json\/wp\/v2\/posts\/95379\/revisions"}],"predecessor-version":[{"id":95382,"href":"https:\/\/vocesparalelas.com.ar\/sitio\/wp-json\/wp\/v2\/posts\/95379\/revisions\/95382"}],"wp:featuredmedia":[{"embeddable":true,"href":"https:\/\/vocesparalelas.com.ar\/sitio\/wp-json\/wp\/v2\/media\/32533"}],"wp:attachment":[{"href":"https:\/\/vocesparalelas.com.ar\/sitio\/wp-json\/wp\/v2\/media?parent=95379"}],"wp:term":[{"taxonomy":"category","embeddable":true,"href":"https:\/\/vocesparalelas.com.ar\/sitio\/wp-json\/wp\/v2\/categories?post=95379"},{"taxonomy":"post_tag","embeddable":true,"href":"https:\/\/vocesparalelas.com.ar\/sitio\/wp-json\/wp\/v2\/tags?post=95379"}],"curies":[{"name":"wp","href":"https:\/\/api.w.org\/{rel}","templated":true}]}}