{"id":95357,"date":"2025-12-29T20:50:46","date_gmt":"2025-12-29T23:50:46","guid":{"rendered":"https:\/\/vocesparalelas.com.ar\/sitio\/?p=95357"},"modified":"2025-12-29T21:38:54","modified_gmt":"2025-12-30T00:38:54","slug":"se-entregaron-anteojos-y-audifonos-a-la-poblacion-que-asi-lo-necesitan-en-san-juan","status":"publish","type":"post","link":"https:\/\/vocesparalelas.com.ar\/sitio\/se-entregaron-anteojos-y-audifonos-a-la-poblacion-que-asi-lo-necesitan-en-san-juan\/","title":{"rendered":"Se entregaron anteojos y aud\u00edfonos a la poblaci\u00f3n que as\u00ed lo necesitan en San Juan"},"content":{"rendered":"<p>El gobernador de San Juan, Dr. Marcelo Orrego particip\u00f3 de la entrega de anteojos y otros elementos destinados a mejorar la salud ocular y auditiva de la poblaci\u00f3n que as\u00ed lo necesitan,<\/p>\n<p>Durante el acto se concret\u00f3 la entrega de casi 3.000 pares de anteojos para visi\u00f3n lejana, cercana y bifocales, que beneficiaron a 2.037 personas. Adem\u00e1s, se otorg\u00f3 una pr\u00f3tesis ocular a un var\u00f3n adulto y m\u00e1s de 30 aud\u00edfonos a 17 personas, como parte de las pol\u00edticas p\u00fablicas orientadas a mejorar la calidad de vida de quienes presentan patolog\u00edas visuales y auditivas.<\/p>\n<p>Acompa\u00f1aron en el acto el vicegobernador Dr. Fabi\u00e1n Mart\u00edn, ministro de Familia y Desarrollo Humano, Prof. Carlos Platero; ministro de Protecci\u00f3n, Trabajo e Innovaci\u00f3n, CPN Gustavo Fern\u00e1ndez; secretario de deportes, Dr. Pablo Tabachnik; directora de asistencia directa, Eva Acosta; diputado nacional, Carlos Jaime, entre otros funcionarios.<\/p>\n<p><strong><span style=\"color: #ff6600;\">Operativos territoriales y trabajo articulado<\/span><\/strong><\/p>\n<p>La gesti\u00f3n de estos elementos se realiz\u00f3 mayormente a trav\u00e9s de operativos de asistencia desarrollados por la Direcci\u00f3n de Asistencia en los departamentos de Capital, Rawson y Santa Luc\u00eda, con el acompa\u00f1amiento y la log\u00edstica de los municipios en Capital y Santa Luc\u00eda.<\/p>\n<p>En cada operativo, las personas accedieron a controles oftalmol\u00f3gicos completos. En los casos en que se detect\u00f3 la necesidad de lentes, se efectuaron las mediciones correspondientes de graduaci\u00f3n y correcci\u00f3n visual, y cada beneficiario pudo elegir el marco de sus anteojos.<\/p>\n<p>La entrega forma parte de una pol\u00edtica sostenida durante todo el a\u00f1o. A lo largo de 2025, como resultado de los operativos territoriales de la Direcci\u00f3n de Asistencia y de iniciativas como San Juan Cerca, se gestionaron miles de dispositivos vinculados a la salud visual y auditiva.<\/p>\n<p>En total, ya se entregaron 14.062 pares de anteojos a 10.500 personas, 395 aud\u00edfonos a 236 beneficiarios y implantes cocleares a m\u00e1s de 22 sanjuaninos, consolidando una l\u00ednea de trabajo orientada a garantizar el acceso a la salud y promover la inclusi\u00f3n.<\/p>\n<p>&nbsp;<\/p>\n<p><iframe loading=\"lazy\" title=\"El gobernador encabez\u00f3 una nueva entrega de aud\u00edfonos y anteojos\" width=\"800\" height=\"450\" src=\"https:\/\/www.youtube.com\/embed\/9KET5QVDYpc?feature=oembed\" frameborder=\"0\" allow=\"accelerometer; autoplay; clipboard-write; encrypted-media; gyroscope; picture-in-picture; web-share\" referrerpolicy=\"strict-origin-when-cross-origin\" allowfullscreen><\/iframe><\/p>\n","protected":false},"excerpt":{"rendered":"<p>El gobernador de San Juan, Dr. Marcelo Orrego particip\u00f3 de la entrega de anteojos y otros elementos destinados a mejorar<\/p>\n","protected":false},"author":3,"featured_media":95360,"comment_status":"closed","ping_status":"closed","sticky":false,"template":"","format":"standard","meta":{"_acf_changed":false,"_seopress_robots_primary_cat":"none","_seopress_titles_title":"","_seopress_titles_desc":"","_seopress_robots_index":"","colormag_page_container_layout":"default_layout","colormag_page_sidebar_layout":"default_layout","footnotes":""},"categories":[1,7],"tags":[],"class_list":["post-95357","post","type-post","status-publish","format-standard","has-post-thumbnail","hentry","category-destacadas","category-videos"],"acf":[],"_links":{"self":[{"href":"https:\/\/vocesparalelas.com.ar\/sitio\/wp-json\/wp\/v2\/posts\/95357","targetHints":{"allow":["GET"]}}],"collection":[{"href":"https:\/\/vocesparalelas.com.ar\/sitio\/wp-json\/wp\/v2\/posts"}],"about":[{"href":"https:\/\/vocesparalelas.com.ar\/sitio\/wp-json\/wp\/v2\/types\/post"}],"author":[{"embeddable":true,"href":"https:\/\/vocesparalelas.com.ar\/sitio\/wp-json\/wp\/v2\/users\/3"}],"replies":[{"embeddable":true,"href":"https:\/\/vocesparalelas.com.ar\/sitio\/wp-json\/wp\/v2\/comments?post=95357"}],"version-history":[{"count":2,"href":"https:\/\/vocesparalelas.com.ar\/sitio\/wp-json\/wp\/v2\/posts\/95357\/revisions"}],"predecessor-version":[{"id":95362,"href":"https:\/\/vocesparalelas.com.ar\/sitio\/wp-json\/wp\/v2\/posts\/95357\/revisions\/95362"}],"wp:featuredmedia":[{"embeddable":true,"href":"https:\/\/vocesparalelas.com.ar\/sitio\/wp-json\/wp\/v2\/media\/95360"}],"wp:attachment":[{"href":"https:\/\/vocesparalelas.com.ar\/sitio\/wp-json\/wp\/v2\/media?parent=95357"}],"wp:term":[{"taxonomy":"category","embeddable":true,"href":"https:\/\/vocesparalelas.com.ar\/sitio\/wp-json\/wp\/v2\/categories?post=95357"},{"taxonomy":"post_tag","embeddable":true,"href":"https:\/\/vocesparalelas.com.ar\/sitio\/wp-json\/wp\/v2\/tags?post=95357"}],"curies":[{"name":"wp","href":"https:\/\/api.w.org\/{rel}","templated":true}]}}