{"id":95346,"date":"2025-12-29T14:38:36","date_gmt":"2025-12-29T17:38:36","guid":{"rendered":"https:\/\/vocesparalelas.com.ar\/sitio\/?p=95346"},"modified":"2025-12-29T14:38:36","modified_gmt":"2025-12-29T17:38:36","slug":"cerro-el-ano-santo-jubilar-2025-en-san-juan","status":"publish","type":"post","link":"https:\/\/vocesparalelas.com.ar\/sitio\/cerro-el-ano-santo-jubilar-2025-en-san-juan\/","title":{"rendered":"Cerr\u00f3 el A\u00f1o Santo Jubilar 2025 en San Juan"},"content":{"rendered":"<p>El cierre del A\u00f1o Santo Jubilar de la Esperanza 2025, cerr\u00f3 con una solemne Eucarist\u00eda en la Catedral San Juan Bautista, presidida por el Arzobispo de San Juan de Cuyo, Monse\u00f1or Jorge Lozano y concelebrada por los obispos auxiliares de la di\u00f3cesis; monse\u00f1or Gustavo Larraz\u00e1bal y monse\u00f1or Mario Robles. Con agua bendita recorrieron los pasillos, y cada feligr\u00e9s presente extend\u00eda sus manos para recibir la bendici\u00f3n.<\/p>\n<p>La celebraci\u00f3n marc\u00f3 el final de un tiempo de gracia vivido intensamente en toda la di\u00f3cesis, en sinton\u00eda con la Iglesia universal, bajo el lema \u201cPeregrinos de la Esperanza\u201d. A lo largo del A\u00f1o Jubilar, la Catedral y las iglesias jubilares fueron escenario de peregrinaciones, celebraciones y gestos pastorales que invitaron a la conversi\u00f3n, la misericordia y el compromiso solidario.<\/p>\n<p>Durante la homil\u00eda, monse\u00f1or Jorge ofreci\u00f3 una profunda reflexi\u00f3n basada en su mensaje \u201cSeguimos peregrinando en la esperanza\u201d, en la que subray\u00f3 que el cierre del Jubileo no significa un punto final, sino un impulso renovado para continuar el camino de fe. \u201cTerminar no siempre es cerrar\u201d, expres\u00f3, invitando a capitalizar lo vivido y proyectarse hacia adelante como Iglesia en salida.<\/p>\n<p>El arzobispo destac\u00f3 que el Jubileo fue un tiempo de misericordia sin fecha de vencimiento, recordando que el amor de Dios permanece siempre abierto para quien quiera acercarse. En este marco, resalt\u00f3 las m\u00e1s de treinta peregrinaciones jubilares realizadas en la Catedral, junto a las celebraciones patronales y la vida pastoral de cada comunidad.<\/p>\n<p>Asimismo, la homil\u00eda puso en el centro el llamado a una esperanza concreta, encarnada en la cercan\u00eda con los m\u00e1s pobres, enfermos y vulnerables, y en la opci\u00f3n preferencial por quienes sufren. En este sentido, se record\u00f3 tambi\u00e9n la exhortaci\u00f3n del Papa Le\u00f3n sobre el amor hacia los pobres, como un llamado actual y urgente para la vida de la Iglesia.<\/p>\n<p>Un lugar especial ocup\u00f3 el Tercer S\u00ednodo Diocesano, se\u00f1alado como un verdadero don para la Iglesia sanjuanina y un motor que acompa\u00f1\u00f3 el caminar jubilar, fortaleciendo la comuni\u00f3n, la escucha y el discernimiento comunitario.<\/p>\n<p>En el cierre, la celebraci\u00f3n se puso bajo la intercesi\u00f3n de la Sagrada Familia, modelo de comuni\u00f3n, ternura y fe en medio de la incertidumbre, y se elev\u00f3 una oraci\u00f3n especial por la paz en el mundo, ante los conflictos y violencias que atraviesan a tantos pueblos.<\/p>\n<p>Con gratitud por lo vivido, la Iglesia de San Juan renueva su compromiso de seguir caminando unida, sosteniendo la esperanza, la misericordia y la misi\u00f3n, m\u00e1s all\u00e1 del A\u00f1o Santo, como peregrinos que contin\u00faan so\u00f1ando y anunciando el amor de Dios en la historia.<\/p>\n<p><strong>\u00a0<\/strong><\/p>\n<p><img loading=\"lazy\" decoding=\"async\" class=\"alignnone size-full wp-image-81141\" src=\"https:\/\/vocesparalelas.com.ar\/sitio\/wp-content\/uploads\/2025\/01\/CATEDRAL-PUESTA-2024.jpg\" alt=\"\" width=\"800\" height=\"577\" srcset=\"https:\/\/vocesparalelas.com.ar\/sitio\/wp-content\/uploads\/2025\/01\/CATEDRAL-PUESTA-2024.jpg 800w, https:\/\/vocesparalelas.com.ar\/sitio\/wp-content\/uploads\/2025\/01\/CATEDRAL-PUESTA-2024-300x216.jpg 300w, https:\/\/vocesparalelas.com.ar\/sitio\/wp-content\/uploads\/2025\/01\/CATEDRAL-PUESTA-2024-768x554.jpg 768w\" sizes=\"auto, (max-width: 800px) 100vw, 800px\" \/><\/p>\n","protected":false},"excerpt":{"rendered":"<p>El cierre del A\u00f1o Santo Jubilar de la Esperanza 2025, cerr\u00f3 con una solemne Eucarist\u00eda en la Catedral San Juan<\/p>\n","protected":false},"author":3,"featured_media":95349,"comment_status":"closed","ping_status":"closed","sticky":false,"template":"","format":"standard","meta":{"_acf_changed":false,"_seopress_robots_primary_cat":"none","_seopress_titles_title":"","_seopress_titles_desc":"","_seopress_robots_index":"","colormag_page_container_layout":"default_layout","colormag_page_sidebar_layout":"default_layout","footnotes":""},"categories":[1],"tags":[],"class_list":["post-95346","post","type-post","status-publish","format-standard","has-post-thumbnail","hentry","category-destacadas"],"acf":[],"_links":{"self":[{"href":"https:\/\/vocesparalelas.com.ar\/sitio\/wp-json\/wp\/v2\/posts\/95346","targetHints":{"allow":["GET"]}}],"collection":[{"href":"https:\/\/vocesparalelas.com.ar\/sitio\/wp-json\/wp\/v2\/posts"}],"about":[{"href":"https:\/\/vocesparalelas.com.ar\/sitio\/wp-json\/wp\/v2\/types\/post"}],"author":[{"embeddable":true,"href":"https:\/\/vocesparalelas.com.ar\/sitio\/wp-json\/wp\/v2\/users\/3"}],"replies":[{"embeddable":true,"href":"https:\/\/vocesparalelas.com.ar\/sitio\/wp-json\/wp\/v2\/comments?post=95346"}],"version-history":[{"count":1,"href":"https:\/\/vocesparalelas.com.ar\/sitio\/wp-json\/wp\/v2\/posts\/95346\/revisions"}],"predecessor-version":[{"id":95350,"href":"https:\/\/vocesparalelas.com.ar\/sitio\/wp-json\/wp\/v2\/posts\/95346\/revisions\/95350"}],"wp:featuredmedia":[{"embeddable":true,"href":"https:\/\/vocesparalelas.com.ar\/sitio\/wp-json\/wp\/v2\/media\/95349"}],"wp:attachment":[{"href":"https:\/\/vocesparalelas.com.ar\/sitio\/wp-json\/wp\/v2\/media?parent=95346"}],"wp:term":[{"taxonomy":"category","embeddable":true,"href":"https:\/\/vocesparalelas.com.ar\/sitio\/wp-json\/wp\/v2\/categories?post=95346"},{"taxonomy":"post_tag","embeddable":true,"href":"https:\/\/vocesparalelas.com.ar\/sitio\/wp-json\/wp\/v2\/tags?post=95346"}],"curies":[{"name":"wp","href":"https:\/\/api.w.org\/{rel}","templated":true}]}}