{"id":95332,"date":"2025-12-28T13:43:17","date_gmt":"2025-12-28T16:43:17","guid":{"rendered":"https:\/\/vocesparalelas.com.ar\/sitio\/?p=95332"},"modified":"2025-12-28T13:43:17","modified_gmt":"2025-12-28T16:43:17","slug":"seguimiento-y-control-del-epre-san-juan-en-el-plan-de-obras-para-mejora-la-calidad-del-servicio-electrico-en-el-departamento-calingasta","status":"publish","type":"post","link":"https:\/\/vocesparalelas.com.ar\/sitio\/seguimiento-y-control-del-epre-san-juan-en-el-plan-de-obras-para-mejora-la-calidad-del-servicio-electrico-en-el-departamento-calingasta\/","title":{"rendered":"Seguimiento y Control del EPRE San Juan en el Plan de Obras para mejora la Calidad del Servicio El\u00e9ctrico en el Departamento Calingasta"},"content":{"rendered":"<p>El E.P.R.E. San Juan desarroll\u00f3 la primera reuni\u00f3n del \u201cComit\u00e9 de Seguimiento y Control\u201d, compuesto por representantes de la Secretar\u00eda General de la Gobernaci\u00f3n, la Direcci\u00f3n de Recursos Energ\u00e9ticos, Intendente de Calingasta, Diputado Departamental, representante de los vecinos de Calingasta, la empresa Naturgy S.A. y el E.P.R.E.<\/p>\n<p>Naturgy San Juan S.A. detall\u00f3 ante el Comit\u00e9 de Seguimiento y Control las caracter\u00edsticas del \u201cPrograma de Remediaci\u00f3n Obligatorio y Vinculante\u201d, presentado en cumplimiento de las Resoluciones E.P.R.E. N\u00ba 987\/25 y 1051\/25 del 12\/11\/25 y 15\/12\/25 respectivamente, que debe propender a la mejora sustantiva de los \u00edndices de calidad t\u00e9cnica del suministro el\u00e9ctrico en hogares, comercios e industrias del Departamento Calingasta -Villa de Calingasta, Barreal, Sorocayense, Tamber\u00edas y localidades cercanas-.<\/p>\n<p>El Comit\u00e9 de Seguimiento y Control evaluar\u00e1 la propuesta presentada por Naturgy San Juan S.A., y supervisar\u00e1 la licitaci\u00f3n y efectiva concreci\u00f3n de las obras a desarrollarse a partir del primer trimestre de 2026.<\/p>\n<p style=\"text-align: right;\">Directorio E.P.R.E.<\/p>\n<p>&nbsp;<\/p>\n<p><img loading=\"lazy\" decoding=\"async\" class=\"alignnone size-full wp-image-85438\" src=\"https:\/\/vocesparalelas.com.ar\/sitio\/wp-content\/uploads\/2025\/04\/EPRE-FRENTE.jpg\" alt=\"\" width=\"800\" height=\"600\" srcset=\"https:\/\/vocesparalelas.com.ar\/sitio\/wp-content\/uploads\/2025\/04\/EPRE-FRENTE.jpg 800w, https:\/\/vocesparalelas.com.ar\/sitio\/wp-content\/uploads\/2025\/04\/EPRE-FRENTE-300x225.jpg 300w, https:\/\/vocesparalelas.com.ar\/sitio\/wp-content\/uploads\/2025\/04\/EPRE-FRENTE-768x576.jpg 768w\" sizes=\"auto, (max-width: 800px) 100vw, 800px\" \/><\/p>\n","protected":false},"excerpt":{"rendered":"<p>El E.P.R.E. San Juan desarroll\u00f3 la primera reuni\u00f3n del \u201cComit\u00e9 de Seguimiento y Control\u201d, compuesto por representantes de la Secretar\u00eda<\/p>\n","protected":false},"author":3,"featured_media":95335,"comment_status":"closed","ping_status":"closed","sticky":false,"template":"","format":"standard","meta":{"_acf_changed":false,"_seopress_robots_primary_cat":"none","_seopress_titles_title":"","_seopress_titles_desc":"","_seopress_robots_index":"","colormag_page_container_layout":"default_layout","colormag_page_sidebar_layout":"default_layout","footnotes":""},"categories":[1],"tags":[],"class_list":["post-95332","post","type-post","status-publish","format-standard","has-post-thumbnail","hentry","category-destacadas"],"acf":[],"_links":{"self":[{"href":"https:\/\/vocesparalelas.com.ar\/sitio\/wp-json\/wp\/v2\/posts\/95332","targetHints":{"allow":["GET"]}}],"collection":[{"href":"https:\/\/vocesparalelas.com.ar\/sitio\/wp-json\/wp\/v2\/posts"}],"about":[{"href":"https:\/\/vocesparalelas.com.ar\/sitio\/wp-json\/wp\/v2\/types\/post"}],"author":[{"embeddable":true,"href":"https:\/\/vocesparalelas.com.ar\/sitio\/wp-json\/wp\/v2\/users\/3"}],"replies":[{"embeddable":true,"href":"https:\/\/vocesparalelas.com.ar\/sitio\/wp-json\/wp\/v2\/comments?post=95332"}],"version-history":[{"count":1,"href":"https:\/\/vocesparalelas.com.ar\/sitio\/wp-json\/wp\/v2\/posts\/95332\/revisions"}],"predecessor-version":[{"id":95336,"href":"https:\/\/vocesparalelas.com.ar\/sitio\/wp-json\/wp\/v2\/posts\/95332\/revisions\/95336"}],"wp:featuredmedia":[{"embeddable":true,"href":"https:\/\/vocesparalelas.com.ar\/sitio\/wp-json\/wp\/v2\/media\/95335"}],"wp:attachment":[{"href":"https:\/\/vocesparalelas.com.ar\/sitio\/wp-json\/wp\/v2\/media?parent=95332"}],"wp:term":[{"taxonomy":"category","embeddable":true,"href":"https:\/\/vocesparalelas.com.ar\/sitio\/wp-json\/wp\/v2\/categories?post=95332"},{"taxonomy":"post_tag","embeddable":true,"href":"https:\/\/vocesparalelas.com.ar\/sitio\/wp-json\/wp\/v2\/tags?post=95332"}],"curies":[{"name":"wp","href":"https:\/\/api.w.org\/{rel}","templated":true}]}}