{"id":95327,"date":"2025-12-27T21:51:35","date_gmt":"2025-12-28T00:51:35","guid":{"rendered":"https:\/\/vocesparalelas.com.ar\/sitio\/?p=95327"},"modified":"2025-12-29T11:17:59","modified_gmt":"2025-12-29T14:17:59","slug":"seguimos-peregrinando-en-la-esperanza","status":"publish","type":"post","link":"https:\/\/vocesparalelas.com.ar\/sitio\/seguimos-peregrinando-en-la-esperanza\/","title":{"rendered":"Seguimos Peregrinando en la Esperanza"},"content":{"rendered":"<p>Por el Arzobispo de San Juan de Cuyo, Monse\u00f1or Jorge Lozano<\/p>\n<p>Terminar no siempre es cerrar. Culminar una etapa, concluir un periodo importante nos abre a capitalizar los logros alcanzados y proyectarnos hacia adelante.<\/p>\n<p>Hoy estamos finalizando el A\u00f1o Santo del Jubileo 2025 en todas las Catedrales del mundo; un momento de profundo significado para nuestra comunidad cat\u00f3lica. Con el coraz\u00f3n agradecido y los ojos puestos en el horizonte, nos detenemos a contemplar el camino recorrido bajo el inspirador lema \u201cPeregrinos de la Esperanza\u201d. Este cierre no implica el fin de nuestra traves\u00eda, sino la continuidad renovada de nuestro andar.<\/p>\n<p>A lo largo de este a\u00f1o jubilar, el lema no ha sido s\u00f3lo una consigna, sino un llamado profundo a vivir la fe desde la confianza en lo que Dios puede obrar en nuestras vidas. Nos hemos descubierto en camino, a veces con pasos firmes; otras, entre dudas y fragilidades, pero siempre sostenidos por la promesa de que el Se\u00f1or camina a nuestro lado.<\/p>\n<p>El 2025 ha sido, ante todo, un tiempo de gracia y misericordia. En nuestra Catedral hubo m\u00e1s de 30 peregrinaciones jubilares, que se suman a las Patronales de cada Comunidad y las otras Iglesias jubilares. Pero es fundamental recordar que la misericordia divina no tiene fecha de caducidad. El amor de Dios permanece abierto para quien quiera acercarse, sin condiciones ni m\u00e9ritos previos. Nos invita a abrir el coraz\u00f3n a su presencia, a dejar que su ternura transforme las heridas en oportunidades y los fracasos en lecciones de vida. La gratitud sincera brota de sabernos amados y sostenidos cada d\u00eda.<\/p>\n<p>Este tiempo nos exhort\u00f3 a abrir el coraz\u00f3n: a la escucha, al encuentro, a la novedad del Esp\u00edritu. No queremos cerrar el a\u00f1o sin agradecer lo aprendido y lo compartido, sabiendo que cada experiencia vivida es semilla de crecimiento.<\/p>\n<p>Peregrinar en la esperanza nos impulsa a salir de nosotros mismos y acercarnos a los m\u00e1s necesitados. El Jubileo nos record\u00f3 el rostro de tantos hermanos y hermanas que sufren: los pobres, los enfermos, los abandonados, los que padecen violencia. El llamado de Jes\u00fas es claro: no podemos ser peregrinos aut\u00e9nticos si no nos detenemos ante el dolor ajeno, si no tendemos la mano a quienes han quedado al borde del camino. La apertura del coraz\u00f3n se traduce en gestos concretos de cercan\u00eda y solidaridad, en la opci\u00f3n preferencial por los marginados y vulnerables. En este contexto el Papa Le\u00f3n nos regal\u00f3 la Exhortaci\u00f3n Apost\u00f3lica \u201cDilexi Te\u201d sobre el amor hacia los pobres.<\/p>\n<p>En la Iglesia sanjuanina, la peregrinaci\u00f3n de la esperanza encontr\u00f3 un motor especial en el Tercer S\u00ednodo Diocesano. Este proceso sinodal es un verdadero don para la Iglesia local: nos permite discernir juntos, escuchar la voz del Esp\u00edritu y avanzar en comuni\u00f3n. Agradecemos los pasos dados y nos comprometemos a continuar el camino, sabiendo que la sinodalidad es un llamado permanente a caminar juntos, a construir una comunidad m\u00e1s participativa, acogedora y misionera.<\/p>\n<p>No estamos ante un punto final sino a un punto seguido. Seguimos caminando como peregrinos de la esperanza, sostenidos por la misericordia de Dios, agradecidos por todo lo recibido y aprendiendo cada d\u00eda de nuestra fragilidad y vocaci\u00f3n a la humildad. Nos comprometemos tambi\u00e9n a mantener viva la llama de la fe, a estar cerca de los m\u00e1s vulnerables, a crecer en comuni\u00f3n y a rezar incansablemente por la paz.<\/p>\n<p>En este cierre de A\u00f1o Santo, elevamos la mirada a la Sagrada Familia: Jes\u00fas, Mar\u00eda y Jos\u00e9. Ellos son modelo de comuni\u00f3n profunda, de ternura cotidiana y de fe en medio de la incertidumbre. Recordamos, adem\u00e1s, que fueron migrantes perseguidos: experimentaron el exilio y la vulnerabilidad, hallando en Dios su refugio y fortaleza. Que la Sagrada Familia nos inspire a construir hogares abiertos, a vivir la ternura y a acoger, especialmente, a quienes hoy deben huir de la violencia, la pobreza o la persecuci\u00f3n.<\/p>\n<p>Al abrirnos al 2026, sentimos la urgencia de la oraci\u00f3n por la paz mundial. Los conflictos, la injusticia y la violencia siguen lacerando a muchos pueblos.<\/p>\n<p>\u00a1Gracias, Se\u00f1or, por tanto! Que nunca dejemos de peregrinar y so\u00f1ar, siendo testigos de tu amor en medio de la historia. Peregrinos de un sue\u00f1o.<\/p>\n<p>&nbsp;<\/p>\n<p><iframe loading=\"lazy\" title=\"SAN JUAN MONSE\u00d1OR JORGE LOZANO \" width=\"800\" height=\"450\" src=\"https:\/\/www.youtube.com\/embed\/0cfCY2P2iSQ?feature=oembed\" frameborder=\"0\" allow=\"accelerometer; autoplay; clipboard-write; encrypted-media; gyroscope; picture-in-picture; web-share\" referrerpolicy=\"strict-origin-when-cross-origin\" allowfullscreen><\/iframe><\/p>\n<p>&nbsp;<\/p>\n<p><img loading=\"lazy\" decoding=\"async\" class=\"alignnone size-full wp-image-61416\" src=\"https:\/\/vocesparalelas.com.ar\/sitio\/wp-content\/uploads\/2023\/07\/ARZOBISPADO-EDIFICIO.jpg\" alt=\"\" width=\"800\" height=\"600\" srcset=\"https:\/\/vocesparalelas.com.ar\/sitio\/wp-content\/uploads\/2023\/07\/ARZOBISPADO-EDIFICIO.jpg 800w, https:\/\/vocesparalelas.com.ar\/sitio\/wp-content\/uploads\/2023\/07\/ARZOBISPADO-EDIFICIO-300x225.jpg 300w, https:\/\/vocesparalelas.com.ar\/sitio\/wp-content\/uploads\/2023\/07\/ARZOBISPADO-EDIFICIO-768x576.jpg 768w\" sizes=\"auto, (max-width: 800px) 100vw, 800px\" \/><\/p>\n","protected":false},"excerpt":{"rendered":"<p>Por el Arzobispo de San Juan de Cuyo, Monse\u00f1or Jorge Lozano Terminar no siempre es cerrar. Culminar una etapa, concluir<\/p>\n","protected":false},"author":3,"featured_media":81112,"comment_status":"closed","ping_status":"closed","sticky":false,"template":"","format":"standard","meta":{"_acf_changed":false,"_seopress_robots_primary_cat":"none","_seopress_titles_title":"","_seopress_titles_desc":"","_seopress_robots_index":"","colormag_page_container_layout":"default_layout","colormag_page_sidebar_layout":"default_layout","footnotes":""},"categories":[10,7],"tags":[],"class_list":["post-95327","post","type-post","status-publish","format-standard","has-post-thumbnail","hentry","category-opiniones","category-videos"],"acf":[],"_links":{"self":[{"href":"https:\/\/vocesparalelas.com.ar\/sitio\/wp-json\/wp\/v2\/posts\/95327","targetHints":{"allow":["GET"]}}],"collection":[{"href":"https:\/\/vocesparalelas.com.ar\/sitio\/wp-json\/wp\/v2\/posts"}],"about":[{"href":"https:\/\/vocesparalelas.com.ar\/sitio\/wp-json\/wp\/v2\/types\/post"}],"author":[{"embeddable":true,"href":"https:\/\/vocesparalelas.com.ar\/sitio\/wp-json\/wp\/v2\/users\/3"}],"replies":[{"embeddable":true,"href":"https:\/\/vocesparalelas.com.ar\/sitio\/wp-json\/wp\/v2\/comments?post=95327"}],"version-history":[{"count":1,"href":"https:\/\/vocesparalelas.com.ar\/sitio\/wp-json\/wp\/v2\/posts\/95327\/revisions"}],"predecessor-version":[{"id":95330,"href":"https:\/\/vocesparalelas.com.ar\/sitio\/wp-json\/wp\/v2\/posts\/95327\/revisions\/95330"}],"wp:featuredmedia":[{"embeddable":true,"href":"https:\/\/vocesparalelas.com.ar\/sitio\/wp-json\/wp\/v2\/media\/81112"}],"wp:attachment":[{"href":"https:\/\/vocesparalelas.com.ar\/sitio\/wp-json\/wp\/v2\/media?parent=95327"}],"wp:term":[{"taxonomy":"category","embeddable":true,"href":"https:\/\/vocesparalelas.com.ar\/sitio\/wp-json\/wp\/v2\/categories?post=95327"},{"taxonomy":"post_tag","embeddable":true,"href":"https:\/\/vocesparalelas.com.ar\/sitio\/wp-json\/wp\/v2\/tags?post=95327"}],"curies":[{"name":"wp","href":"https:\/\/api.w.org\/{rel}","templated":true}]}}